{"id":71953,"date":"2022-12-07T13:47:07","date_gmt":"2022-12-07T16:47:07","guid":{"rendered":"https:\/\/www.centraldenoticias.com.ar\/?p=71953"},"modified":"2022-12-07T13:47:07","modified_gmt":"2022-12-07T16:47:07","slug":"juan-carlos-maria-leon-q-e-p-d","status":"publish","type":"post","link":"https:\/\/cdnoticias.com\/index.php\/2022\/12\/07\/juan-carlos-maria-leon-q-e-p-d\/","title":{"rendered":"Juan Carlos Mar\u00eda Le\u00f3n (Q.E.P.D.)"},"content":{"rendered":"<p>Falleci\u00f3 en Olavarr\u00eda el 7 de diciembre de 2022 a los 85 a\u00f1os de edad. Su esposa Ana Beatriz Gazzola; sus hijos Juan Gustavo, Carlos Fabi\u00e1n, Mar\u00eda Fernanda, Marcelo Gabriel y Mariano Ezequiel Le\u00f3n; sus hijos pol\u00edticos Sandra Pasquini, Mar\u00eda Jos\u00e9 Bouciguez y Paola Mart\u00ednez; sus nietos Juan Ignacio Le\u00f3n, Joaqu\u00edn Le\u00f3n, Agust\u00edn Le\u00f3n, Lisandro Le\u00f3n, Morena Le\u00f3n, M\u00e1ximo Le\u00f3n, Sof\u00eda Le\u00f3n, Mateo Le\u00f3n y Pilar Le\u00f3n y dem\u00e1s deudos participan su fallecimiento.<\/p>\n<p>&nbsp;<\/p>\n<p>Sus restos no ser\u00e1n velados y ser\u00e1n cremados en Crematorio Pinos de Paz en d\u00eda y horario a confirmar. Servicio adherido a Coopelectric. Vecino de barrio Bancario. Jubilado Bancario. Fue Secretario General del Gremio Bancario entre 1982 y 1999, fue fundador de la entidad del Barrio Bancario que permiti\u00f3 la construcci\u00f3n de 505 viviendas en Olavarr\u00eda, fue candidato a Concejal Suplente por la UCR, Socio Fundador de la Cooperativa EBANCOOP, e Integrante de la Comisi\u00f3n Directiva del Grupo Ilusiones.<\/p>\n","protected":false},"excerpt":{"rendered":"<p>Falleci\u00f3 en Olavarr\u00eda el 7 de diciembre de 2022 a los 85 a\u00f1os de edad. Su esposa Ana Beatriz Gazzola;<\/p>\n","protected":false},"author":5,"featured_media":67646,"comment_status":"closed","ping_status":"closed","sticky":false,"template":"","format":"standard","meta":{"_jetpack_memberships_contains_paid_content":false,"footnotes":""},"categories":[10],"tags":[],"class_list":["post-71953","post","type-post","status-publish","format-standard","has-post-thumbnail","hentry","category-necrologicas"],"jetpack_featured_media_url":"https:\/\/i0.wp.com\/cdnoticias.com\/wp-content\/uploads\/2022\/10\/necrologicas-390-x-240.jpg?fit=390%2C240&ssl=1","jetpack_sharing_enabled":true,"_links":{"self":[{"href":"https:\/\/cdnoticias.com\/index.php\/wp-json\/wp\/v2\/posts\/71953","targetHints":{"allow":["GET"]}}],"collection":[{"href":"https:\/\/cdnoticias.com\/index.php\/wp-json\/wp\/v2\/posts"}],"about":[{"href":"https:\/\/cdnoticias.com\/index.php\/wp-json\/wp\/v2\/types\/post"}],"author":[{"embeddable":true,"href":"https:\/\/cdnoticias.com\/index.php\/wp-json\/wp\/v2\/users\/5"}],"replies":[{"embeddable":true,"href":"https:\/\/cdnoticias.com\/index.php\/wp-json\/wp\/v2\/comments?post=71953"}],"version-history":[{"count":0,"href":"https:\/\/cdnoticias.com\/index.php\/wp-json\/wp\/v2\/posts\/71953\/revisions"}],"wp:featuredmedia":[{"embeddable":true,"href":"https:\/\/cdnoticias.com\/index.php\/wp-json\/wp\/v2\/media\/67646"}],"wp:attachment":[{"href":"https:\/\/cdnoticias.com\/index.php\/wp-json\/wp\/v2\/media?parent=71953"}],"wp:term":[{"taxonomy":"category","embeddable":true,"href":"https:\/\/cdnoticias.com\/index.php\/wp-json\/wp\/v2\/categories?post=71953"},{"taxonomy":"post_tag","embeddable":true,"href":"https:\/\/cdnoticias.com\/index.php\/wp-json\/wp\/v2\/tags?post=71953"}],"curies":[{"name":"wp","href":"https:\/\/api.w.org\/{rel}","templated":true}]}}