{"id":71937,"date":"2022-12-07T16:49:48","date_gmt":"2022-12-07T19:49:48","guid":{"rendered":"https:\/\/www.centraldenoticias.com.ar\/?p=71937"},"modified":"2022-12-07T17:30:39","modified_gmt":"2022-12-07T20:30:39","slug":"legisladores-rechazaron-la-condena-a-cristina-y-hablaron-de-una-democracia-condicionada","status":"publish","type":"post","link":"https:\/\/cdnoticias.com\/index.php\/2022\/12\/07\/legisladores-rechazaron-la-condena-a-cristina-y-hablaron-de-una-democracia-condicionada\/","title":{"rendered":"Legisladores rechazaron la condena a Cristina y hablaron de una democracia \u201ccondicionada\u201d"},"content":{"rendered":"<p>Los bloques de diputados y de senadores de la Provincia realizaron una conferencia de prensa tras la condena a la vicepresidenta. El presidente del bloque de diputados del FdT denunci\u00f3 \u201cfactores de poder mafiosos en Argentina\u201d.<!--more--><\/p>\n<hr \/>\n<p>Los bloques de diputados y de senadores bonaerenses del Frente de Todos brindaron una conferencia de prensa desde el hall de la C\u00e1mara alta, en La Plata, para <strong>rechazar la condena a seis a\u00f1os de prisi\u00f3n de la vicepresidenta en el marco del juicio por la causa Vialidad.<\/strong><\/p>\n<p>&nbsp;<\/p>\n<p>La rueda de prensa fue convocada por las bancadas que presiden la senadora Teresa Garc\u00eda y el diputado C\u00e9sar Valicenti para explayarse sobre lo que consideran fue un <strong>\u201cacto intirrepublicano del Poder Judicial\u201d<\/strong> y la \u201cconcreci\u00f3n del lawfare en Argentina\u201d.<\/p>\n<p>&nbsp;<\/p>\n<p>La vicegobernadora bonaerense, <strong>Ver\u00f3nica Magario<\/strong>, sostuvo que el veredicto del juicio de la causa Vialidad representa &#8220;un ataque a la l\u00edder popular m\u00e1s importante y la dirigente m\u00e1s importante que tiene el pa\u00eds&#8221;.<\/p>\n<p>&nbsp;<\/p>\n<p><img data-recalc-dims=\"1\" loading=\"lazy\" decoding=\"async\" class=\"aligncenter size-full wp-image-71950\" src=\"https:\/\/i0.wp.com\/cdnoticias.com\/wp-content\/uploads\/2022\/12\/valicenti-conferencia5.png?resize=800%2C392&#038;ssl=1\" alt=\"\" width=\"800\" height=\"392\" srcset=\"https:\/\/i0.wp.com\/cdnoticias.com\/wp-content\/uploads\/2022\/12\/valicenti-conferencia5.png?w=1152&amp;ssl=1 1152w, https:\/\/i0.wp.com\/cdnoticias.com\/wp-content\/uploads\/2022\/12\/valicenti-conferencia5.png?resize=300%2C147&amp;ssl=1 300w, https:\/\/i0.wp.com\/cdnoticias.com\/wp-content\/uploads\/2022\/12\/valicenti-conferencia5.png?resize=1024%2C501&amp;ssl=1 1024w, https:\/\/i0.wp.com\/cdnoticias.com\/wp-content\/uploads\/2022\/12\/valicenti-conferencia5.png?resize=768%2C376&amp;ssl=1 768w\" sizes=\"auto, (max-width: 800px) 100vw, 800px\" \/><\/p>\n<p>&nbsp;<\/p>\n<p>Por su parte, la senadora provincial <strong>Teresa Garc\u00eda<\/strong>, asegur\u00f3 que &#8220;es una condena absurda, inconsistente&#8221; dirigida a una figura pol\u00edtica que <strong>&#8220;es la \u00fanica que se dedic\u00f3 a confrontar con el poder&#8221;.<\/strong><\/p>\n<p>&nbsp;<\/p>\n<p>Por su parte,<strong> C\u00e9sar Valicenti<\/strong> se\u00f1al\u00f3 que \u201ctodav\u00eda no se toma dimensi\u00f3n de la gravedad de los hechos\u201d y que la sentencia de este martes se inscribe \u201cen una cantidad de hechos que vienen sucediendo y quiz\u00e1 el m\u00e1s grave por la contundencia de la imagen fue ese revolver en la cabeza de la vicepresidenta que no tenemos que olvidar y que <strong>tenemos que exigir justicia todos los d\u00edas para saber qui\u00e9nes fueron los autores intelectuales<\/strong>\u201d.<\/p>\n<p>&nbsp;<\/p>\n<blockquote><p>\u201cLos ataques van hacia ella porque nos quieren eliminar a todos nosotros como factor de transformaci\u00f3n. N os quieren disciplinar, nos quieren callados y en silencio\u201d.<\/p><\/blockquote>\n<p>&nbsp;<\/p>\n<p><img data-recalc-dims=\"1\" loading=\"lazy\" decoding=\"async\" class=\"aligncenter size-full wp-image-71951\" src=\"https:\/\/i0.wp.com\/cdnoticias.com\/wp-content\/uploads\/2022\/12\/valicenti-conferencia3.png?resize=800%2C440&#038;ssl=1\" alt=\"\" width=\"800\" height=\"440\" srcset=\"https:\/\/i0.wp.com\/cdnoticias.com\/wp-content\/uploads\/2022\/12\/valicenti-conferencia3.png?w=1152&amp;ssl=1 1152w, https:\/\/i0.wp.com\/cdnoticias.com\/wp-content\/uploads\/2022\/12\/valicenti-conferencia3.png?resize=300%2C165&amp;ssl=1 300w, https:\/\/i0.wp.com\/cdnoticias.com\/wp-content\/uploads\/2022\/12\/valicenti-conferencia3.png?resize=1024%2C564&amp;ssl=1 1024w, https:\/\/i0.wp.com\/cdnoticias.com\/wp-content\/uploads\/2022\/12\/valicenti-conferencia3.png?resize=768%2C423&amp;ssl=1 768w\" sizes=\"auto, (max-width: 800px) 100vw, 800px\" \/><\/p>\n<p>&nbsp;<\/p>\n<p>Habl\u00f3 de un <strong>sistema institucional democr\u00e1tico \u201cen peligro\u201d<\/strong> porque \u201chay factores de poder mafiosos en la Argentina que condicionan el accionar democr\u00e1tico de los actores p\u00fablicos\u201d y se explay\u00f3: \u201cese factor de poder mafioso que comanda H\u00e9ctor Magnetto y que tiene como herramientas a sectores de la justicia, de la pol\u00edtica, de otros medios de comunicaci\u00f3n, te das dos opciones: o te protege o te persigue\u201d.<\/p>\n<p>&nbsp;<\/p>\n<p>\u201c<strong>Si te atrev\u00e9s con ese poder te van a perseguir<\/strong>, te van a sacar en la tapa de los diarios con adjetivos negativos y peyorativos constantemente, te van a generar causas judiciales, te van a intentar disciplinar con el miedo, van a buscar tu silencio y si segu\u00eds insistiendo pod\u00e9s terminar con una prisi\u00f3n preventiva como terminaron muchos compa\u00f1eros y compa\u00f1eras cuando se animaban a seguir discutiendo ese status quo\u201d, concluy\u00f3.<\/p>\n<p>&nbsp;<\/p>\n<p>Finalmente, el presidente de la C\u00e1mara de Diputados, <strong>Federico Oterm\u00edn<\/strong>, afirm\u00f3 que &#8220;atacan a Cristina porque no la pueden comprar&#8221;.<\/p>\n","protected":false},"excerpt":{"rendered":"<p>Los bloques de diputados y de senadores de la Provincia realizaron una conferencia de prensa tras la condena a la<\/p>\n","protected":false},"author":5,"featured_media":71949,"comment_status":"closed","ping_status":"closed","sticky":false,"template":"","format":"standard","meta":{"_jetpack_memberships_contains_paid_content":false,"footnotes":""},"categories":[4,1],"tags":[],"class_list":["post-71937","post","type-post","status-publish","format-standard","has-post-thumbnail","hentry","category-politica","category-portada"],"jetpack_featured_media_url":"https:\/\/i0.wp.com\/cdnoticias.com\/wp-content\/uploads\/2022\/12\/valicenti-conferencia2.png?fit=1152%2C629&ssl=1","jetpack_sharing_enabled":true,"_links":{"self":[{"href":"https:\/\/cdnoticias.com\/index.php\/wp-json\/wp\/v2\/posts\/71937","targetHints":{"allow":["GET"]}}],"collection":[{"href":"https:\/\/cdnoticias.com\/index.php\/wp-json\/wp\/v2\/posts"}],"about":[{"href":"https:\/\/cdnoticias.com\/index.php\/wp-json\/wp\/v2\/types\/post"}],"author":[{"embeddable":true,"href":"https:\/\/cdnoticias.com\/index.php\/wp-json\/wp\/v2\/users\/5"}],"replies":[{"embeddable":true,"href":"https:\/\/cdnoticias.com\/index.php\/wp-json\/wp\/v2\/comments?post=71937"}],"version-history":[{"count":0,"href":"https:\/\/cdnoticias.com\/index.php\/wp-json\/wp\/v2\/posts\/71937\/revisions"}],"wp:featuredmedia":[{"embeddable":true,"href":"https:\/\/cdnoticias.com\/index.php\/wp-json\/wp\/v2\/media\/71949"}],"wp:attachment":[{"href":"https:\/\/cdnoticias.com\/index.php\/wp-json\/wp\/v2\/media?parent=71937"}],"wp:term":[{"taxonomy":"category","embeddable":true,"href":"https:\/\/cdnoticias.com\/index.php\/wp-json\/wp\/v2\/categories?post=71937"},{"taxonomy":"post_tag","embeddable":true,"href":"https:\/\/cdnoticias.com\/index.php\/wp-json\/wp\/v2\/tags?post=71937"}],"curies":[{"name":"wp","href":"https:\/\/api.w.org\/{rel}","templated":true}]}}