{"id":71865,"date":"2022-12-15T11:36:49","date_gmt":"2022-12-15T14:36:49","guid":{"rendered":"https:\/\/www.centraldenoticias.com.ar\/?p=71865"},"modified":"2022-12-15T11:36:49","modified_gmt":"2022-12-15T14:36:49","slug":"el-giromovil-se-prepara-para-llegar-al-barrio-ceco","status":"publish","type":"post","link":"https:\/\/cdnoticias.com\/index.php\/2022\/12\/15\/el-giromovil-se-prepara-para-llegar-al-barrio-ceco\/","title":{"rendered":"El GIROM\u00f3vil se prepara para llegar al barrio CECO"},"content":{"rendered":"<p>Ser\u00e1 el s\u00e1bado 17 de diciembre. El programa ya lleva recuperados en total unos 3.585 kg. de reciclables y 346 kg. de compostables.<!--more--><\/p>\n<hr \/>\n<p>El <strong>GIROM\u00f3vil<\/strong> se prepara la<strong>\u00a0\u00faltima edici\u00f3n del 2022<\/strong>, que se desarrollar\u00e1 el <strong>pr\u00f3ximo s\u00e1bado 17 de diciembre en el barrio CECO<\/strong>, puntualmente en el<strong> play\u00f3n de la Escuela N\u00b080 \u201cCrucero General Belgrano\u201d.<\/strong><\/p>\n<p>&nbsp;<\/p>\n<blockquote><p>Se indic\u00f3 que desde el lanzamiento del Programa el GIROM\u00f3vil ya lleva recuperados en total unos 3.585 kg. de reciclables y 346 kg. de compostables.<\/p><\/blockquote>\n<p>&nbsp;<\/p>\n<p>Desde GIRO se felicit\u00f3 a todos los olavarrienses que d\u00eda a d\u00eda se animan a separar sus residuos y agradecen a aquellas personas que el pasado s\u00e1bado se acercaron para vivir una jornada m\u00e1s de reciclaje y encuentro ciudadano entre familiares, amigos y vecinos. Asimismo, invitan a la comunidad a sumarse a la pr\u00f3xima estaci\u00f3n en barrio CECO.<\/p>\n<p>&nbsp;<\/p>\n<p><img data-recalc-dims=\"1\" loading=\"lazy\" decoding=\"async\" class=\"size-full wp-image-72342 aligncenter\" src=\"https:\/\/i0.wp.com\/cdnoticias.com\/wp-content\/uploads\/2022\/12\/giro-2022.jpg?resize=800%2C497&#038;ssl=1\" alt=\"\" width=\"800\" height=\"497\" srcset=\"https:\/\/i0.wp.com\/cdnoticias.com\/wp-content\/uploads\/2022\/12\/giro-2022.jpg?w=800&amp;ssl=1 800w, https:\/\/i0.wp.com\/cdnoticias.com\/wp-content\/uploads\/2022\/12\/giro-2022.jpg?resize=300%2C186&amp;ssl=1 300w, https:\/\/i0.wp.com\/cdnoticias.com\/wp-content\/uploads\/2022\/12\/giro-2022.jpg?resize=768%2C477&amp;ssl=1 768w\" sizes=\"auto, (max-width: 800px) 100vw, 800px\" \/><\/p>\n<p>&nbsp;<\/p>\n<p>Se recuerda que con esta iniciativa se busca acercar la #ExperienciaGIRO a los vecinos y vecinas de todos los barrios y localidades de Olavarr\u00eda que todav\u00eda no fueron alcanzados por el Programa. Por este motivo es tambi\u00e9n que desde GIRO se aclar\u00f3 que, <strong>si bien esta jornada ser\u00e1 la \u00faltima del a\u00f1o, ya trabajan en la planificaci\u00f3n del GIROM\u00f3vil que se realizar\u00e1 en enero del 2023.<\/strong><\/p>\n<p>&nbsp;<\/p>\n<p>Para obtener m\u00e1s informaci\u00f3n sobre el programa pueden comunicarse con la Direcci\u00f3n de Desarrollo Sustentable de la Secretar\u00eda de Desarrollo Econ\u00f3mico al tel\u00e9fono 412600, escribir al correo electr\u00f3nico gestionambiental@olavarria.gov.ar, ingresar a la p\u00e1gina web www.giro.olavarria.gov.ar o bien, seguir las redes sociales: giro.olavarria y desarrollosustentableolavarria.<\/p>\n<p>&nbsp;<\/p>\n","protected":false},"excerpt":{"rendered":"<p>Ser\u00e1 el s\u00e1bado 17 de diciembre. El programa ya lleva recuperados en total unos 3.585 kg. de reciclables y 346<\/p>\n","protected":false},"author":6,"featured_media":71866,"comment_status":"closed","ping_status":"closed","sticky":false,"template":"","format":"standard","meta":{"_jetpack_memberships_contains_paid_content":false,"footnotes":""},"categories":[5,1],"tags":[],"class_list":["post-71865","post","type-post","status-publish","format-standard","has-post-thumbnail","hentry","category-informacion-general","category-portada"],"jetpack_featured_media_url":"https:\/\/i0.wp.com\/cdnoticias.com\/wp-content\/uploads\/2022\/12\/DE-Giro-Movil-2.jpg?fit=1772%2C1181&ssl=1","jetpack_sharing_enabled":true,"_links":{"self":[{"href":"https:\/\/cdnoticias.com\/index.php\/wp-json\/wp\/v2\/posts\/71865","targetHints":{"allow":["GET"]}}],"collection":[{"href":"https:\/\/cdnoticias.com\/index.php\/wp-json\/wp\/v2\/posts"}],"about":[{"href":"https:\/\/cdnoticias.com\/index.php\/wp-json\/wp\/v2\/types\/post"}],"author":[{"embeddable":true,"href":"https:\/\/cdnoticias.com\/index.php\/wp-json\/wp\/v2\/users\/6"}],"replies":[{"embeddable":true,"href":"https:\/\/cdnoticias.com\/index.php\/wp-json\/wp\/v2\/comments?post=71865"}],"version-history":[{"count":0,"href":"https:\/\/cdnoticias.com\/index.php\/wp-json\/wp\/v2\/posts\/71865\/revisions"}],"wp:featuredmedia":[{"embeddable":true,"href":"https:\/\/cdnoticias.com\/index.php\/wp-json\/wp\/v2\/media\/71866"}],"wp:attachment":[{"href":"https:\/\/cdnoticias.com\/index.php\/wp-json\/wp\/v2\/media?parent=71865"}],"wp:term":[{"taxonomy":"category","embeddable":true,"href":"https:\/\/cdnoticias.com\/index.php\/wp-json\/wp\/v2\/categories?post=71865"},{"taxonomy":"post_tag","embeddable":true,"href":"https:\/\/cdnoticias.com\/index.php\/wp-json\/wp\/v2\/tags?post=71865"}],"curies":[{"name":"wp","href":"https:\/\/api.w.org\/{rel}","templated":true}]}}