{"id":71861,"date":"2022-12-07T08:21:56","date_gmt":"2022-12-07T11:21:56","guid":{"rendered":"https:\/\/www.centraldenoticias.com.ar\/?p=71861"},"modified":"2022-12-07T08:21:56","modified_gmt":"2022-12-07T11:21:56","slug":"cecilia-krivochen-convoco-a-sesion-extraordinaria-del-concejo-deliberante","status":"publish","type":"post","link":"https:\/\/cdnoticias.com\/index.php\/2022\/12\/07\/cecilia-krivochen-convoco-a-sesion-extraordinaria-del-concejo-deliberante\/","title":{"rendered":"Cecilia Krivochen convoc\u00f3 a sesi\u00f3n extraordinaria del Concejo Deliberante"},"content":{"rendered":"<p>Ser\u00e1 el pr\u00f3ximo martes 13 de diciembre en el sal\u00f3n de la Sociedad Espa\u00f1ola. En la misma jornada se har\u00e1 la Asamblea de Concejales y Mayores Contribuyentes.<!--more--><\/p>\n<hr \/>\n<p>La <strong>presidenta del Concejo Deliberante, Cecilia Krivochen convoc\u00f3 a sesi\u00f3n extraordinaria para el martes 13 de diciembre a partir de las 9 en el sal\u00f3n de la Sociedad Espa\u00f1ola, <\/strong>fecha en la que adem\u00e1s estaba llamada a sesionar la Asamblea de Concejales y Mayores Contribuyentes que debe tratar el <a href=\"https:\/\/cdnoticias.com\/index.php\/2022\/11\/24\/lucha-contra-la-tucura-2022-2023-se-aprobo-el-anteproyecto\/\" target=\"_blank\" rel=\"noopener\">financiamiento del Programa de Lucha contra la Tucura<\/a>.<\/p>\n<p>&nbsp;<\/p>\n<p>En la <strong>Asamblea de Concejales y Mayores Contribuyentes<\/strong> se pondr\u00e1 en consideraci\u00f3n la Ordenanza Preparatoria, sancionada en la \u00faltima sesi\u00f3n ordinaria del 2022, que busca darle continuidad a la Tasa Solidaria de Productores Rurales para el sost\u00e9n del Programa.<\/p>\n<p>&nbsp;<\/p>\n<p>Se han establecido las siguientes <strong>zonas y valores<\/strong>: Zona 1 equivalente a 11,77 pesos por hect\u00e1rea por mes y Zona 2 equivalente a 27,04 pesos por hect\u00e1rea por mes. Dichos valores surgen del esquema de zonificaci\u00f3n elaborado por la Comisi\u00f3n de Lucha contra las Plagas del Partido de Olavarr\u00eda que adem\u00e1s estableci\u00f3 un <strong>presupuesto de 122.173.568,73 pesos<\/strong> para la realizaci\u00f3n de la campa\u00f1a 2022\/2023.<\/p>\n<p>&nbsp;<\/p>\n<figure id=\"attachment_69618\" aria-describedby=\"caption-attachment-69618\" style=\"width: 800px\" class=\"wp-caption aligncenter\"><img data-recalc-dims=\"1\" loading=\"lazy\" decoding=\"async\" class=\"wp-image-69618 size-full\" src=\"https:\/\/i0.wp.com\/cdnoticias.com\/wp-content\/uploads\/2022\/11\/HCD-mayores-contribuyentes.jpg?resize=800%2C445&#038;ssl=1\" alt=\"\" width=\"800\" height=\"445\" srcset=\"https:\/\/i0.wp.com\/cdnoticias.com\/wp-content\/uploads\/2022\/11\/HCD-mayores-contribuyentes.jpg?w=800&amp;ssl=1 800w, https:\/\/i0.wp.com\/cdnoticias.com\/wp-content\/uploads\/2022\/11\/HCD-mayores-contribuyentes.jpg?resize=300%2C167&amp;ssl=1 300w, https:\/\/i0.wp.com\/cdnoticias.com\/wp-content\/uploads\/2022\/11\/HCD-mayores-contribuyentes.jpg?resize=768%2C427&amp;ssl=1 768w\" sizes=\"auto, (max-width: 800px) 100vw, 800px\" \/><figcaption id=\"caption-attachment-69618\" class=\"wp-caption-text\">Con los mayores contribuyentes se aprobar\u00e1 la tasa solidaria para financiar el Programa Contra la Tucura.<\/figcaption><\/figure>\n<p>&nbsp;<\/p>\n<p>Por otro lado, desde la presidencia del HCD se inform\u00f3 que en el desarrollo de la sesi\u00f3n extraordinaria <strong>se pondr\u00e1n en tratamiento 12 proyectos de donaciones de inmuebles a vecinos y vecinas del Partido de Olavarr\u00eda. <\/strong>La sesi\u00f3n fue solicitada por los distintos bloques que componen el Honorable Concejo Deliberante de Olavarr\u00eda.<\/p>\n<p>&nbsp;<\/p>\n<p>Sobre los proyectos de Ordenanzas que disponen donaciones de inmuebles, Cecilia Krivochen destac\u00f3 que de esta manera el Concejo Deliberante <em>\u201ccontin\u00faa acompa\u00f1ando una pol\u00edtica de la gesti\u00f3n del intendente Ezequiel Galli que significa un sue\u00f1o cumplido para familias olavarrienses, que pronto tendr\u00e1n esa documentaci\u00f3n que los hace due\u00f1os definitivos de sus viviendas\u201d.<\/em><\/p>\n<p>&nbsp;<\/p>\n<p>Por \u00faltimo, se inform\u00f3 que el<strong> lunes 12 se reunir\u00e1 la comisi\u00f3n de Labor Parlamentaria.<\/strong><\/p>\n<p>&nbsp;<\/p>\n<blockquote class=\"wp-embedded-content\" data-secret=\"CaE0IEyh9w\"><p><a href=\"https:\/\/cdnoticias.com\/index.php\/2022\/11\/24\/lucha-contra-la-tucura-2022-2023-se-aprobo-el-anteproyecto\/\">Lucha contra la Tucura 2022-2023: se aprob\u00f3 el anteproyecto<\/a><\/p><\/blockquote>\n<p><iframe loading=\"lazy\" class=\"wp-embedded-content\" sandbox=\"allow-scripts\" security=\"restricted\" style=\"position: absolute; clip: rect(1px, 1px, 1px, 1px);\" title=\"&#8220;Lucha contra la Tucura 2022-2023: se aprob\u00f3 el anteproyecto&#8221; &#8212; Central de Noticias | Olavarr\u00eda\" src=\"https:\/\/cdnoticias.com\/index.php\/2022\/11\/24\/lucha-contra-la-tucura-2022-2023-se-aprobo-el-anteproyecto\/embed\/#?secret=lJKseCB092#?secret=CaE0IEyh9w\" data-secret=\"CaE0IEyh9w\" width=\"600\" height=\"338\" frameborder=\"0\" marginwidth=\"0\" marginheight=\"0\" scrolling=\"no\"><\/iframe><\/p>\n<p>&nbsp;<\/p>\n","protected":false},"excerpt":{"rendered":"<p>Ser\u00e1 el pr\u00f3ximo martes 13 de diciembre en el sal\u00f3n de la Sociedad Espa\u00f1ola. En la misma jornada se har\u00e1<\/p>\n","protected":false},"author":6,"featured_media":66653,"comment_status":"closed","ping_status":"closed","sticky":false,"template":"","format":"standard","meta":{"_jetpack_memberships_contains_paid_content":false,"footnotes":""},"categories":[4,1],"tags":[],"class_list":["post-71861","post","type-post","status-publish","format-standard","has-post-thumbnail","hentry","category-politica","category-portada"],"jetpack_featured_media_url":"https:\/\/i0.wp.com\/cdnoticias.com\/wp-content\/uploads\/2022\/10\/Krivochen01-scaled.jpg?fit=2560%2C1424&ssl=1","jetpack_sharing_enabled":true,"_links":{"self":[{"href":"https:\/\/cdnoticias.com\/index.php\/wp-json\/wp\/v2\/posts\/71861","targetHints":{"allow":["GET"]}}],"collection":[{"href":"https:\/\/cdnoticias.com\/index.php\/wp-json\/wp\/v2\/posts"}],"about":[{"href":"https:\/\/cdnoticias.com\/index.php\/wp-json\/wp\/v2\/types\/post"}],"author":[{"embeddable":true,"href":"https:\/\/cdnoticias.com\/index.php\/wp-json\/wp\/v2\/users\/6"}],"replies":[{"embeddable":true,"href":"https:\/\/cdnoticias.com\/index.php\/wp-json\/wp\/v2\/comments?post=71861"}],"version-history":[{"count":0,"href":"https:\/\/cdnoticias.com\/index.php\/wp-json\/wp\/v2\/posts\/71861\/revisions"}],"wp:featuredmedia":[{"embeddable":true,"href":"https:\/\/cdnoticias.com\/index.php\/wp-json\/wp\/v2\/media\/66653"}],"wp:attachment":[{"href":"https:\/\/cdnoticias.com\/index.php\/wp-json\/wp\/v2\/media?parent=71861"}],"wp:term":[{"taxonomy":"category","embeddable":true,"href":"https:\/\/cdnoticias.com\/index.php\/wp-json\/wp\/v2\/categories?post=71861"},{"taxonomy":"post_tag","embeddable":true,"href":"https:\/\/cdnoticias.com\/index.php\/wp-json\/wp\/v2\/tags?post=71861"}],"curies":[{"name":"wp","href":"https:\/\/api.w.org\/{rel}","templated":true}]}}