{"id":7186,"date":"2020-11-23T15:00:01","date_gmt":"2020-11-23T18:00:01","guid":{"rendered":"http:\/\/www.centraldenoticias.com.ar\/?p=7186"},"modified":"2020-11-23T16:17:45","modified_gmt":"2020-11-23T19:17:45","slug":"dos-detenidos-de-la-banda-de-los-encapuchados","status":"publish","type":"post","link":"https:\/\/cdnoticias.com\/index.php\/2020\/11\/23\/dos-detenidos-de-la-banda-de-los-encapuchados\/","title":{"rendered":"Dos detenidos de la \u201cbanda de los encapuchados\u201d"},"content":{"rendered":"<p>El procedimiento se dio este lunes en Olavarr\u00eda a cargo de la Sub DDI local. Les imputan m\u00e1s de una decena de asaltos con la misma modalidad y se configur\u00f3 el delito de \u201casociaci\u00f3n il\u00edcita\u201d.<!--more--><\/p>\n<hr \/>\n<p><strong>Las averiguaciones por la llamada \u201cbanda de los encapuchados\u201d sumaron una importante novedad: dos hombres fueron detenidos en las \u00faltimas horas en Olavarr\u00eda.<\/strong><\/p>\n<p>Seg\u00fan se pudo saber, fue este lunes con la labor de los efectivos de la Sub DDI Olavarr\u00eda y despu\u00e9s de una larga investigaci\u00f3n: <strong>se efectivizaron las \u00f3rdenes de detenci\u00f3n que otorg\u00f3 la Jueza de Garant\u00edas N\u00b0 1<\/strong>, Fabiana San Rom\u00e1n, en la causa que lleva adelante la fiscal Paula Serrano de la UFI N\u00b0 4.<\/p>\n<blockquote><p>Los acusados ser\u00e1n indagados este martes por la ma\u00f1ana en la UFI N.\u00ba 4 local. Fueron imputados por \u201crobos agravados por su comisi\u00f3n en despoblado y en banda y por el uso de armas\u201d. A su vez, se sum\u00f3 la imputaci\u00f3n de \u201casociaci\u00f3n il\u00edcita\u201d ya que, seg\u00fan pudo confirmar Central de Noticias, la causa cuenta con elementos probatorios que demuestran que \u201cconformaban una banda dedicada a perpetrar ese tipo de robos\u201d.<\/p><\/blockquote>\n<p>Cabe recordar que <strong>la banda operaba en zonas de quintas y en las afueras de localidade<\/strong>s del partido de Olavarr\u00eda. Los il\u00edcitos se dieron con mayor frecuencia <strong>en los \u00faltimos d\u00edas de 2019 y en el inicio de este a\u00f1o<\/strong>. Fuentes de la investigaci\u00f3n destacaron que<strong> \u201clos integrantes de esta banda se hallan investigados en m\u00e1s de 10 causas bajo la misma modalidad\u201d<\/strong>.<br \/>\n<img data-recalc-dims=\"1\" loading=\"lazy\" decoding=\"async\" class=\"aligncenter wp-image-7188\" src=\"https:\/\/i0.wp.com\/cdnoticias.com\/wp-content\/uploads\/2020\/11\/detenido-banda-encapuchados-DDI.jpeg?resize=500%2C666&#038;ssl=1\" alt=\"\" width=\"500\" height=\"666\" srcset=\"https:\/\/i0.wp.com\/cdnoticias.com\/wp-content\/uploads\/2020\/11\/detenido-banda-encapuchados-DDI.jpeg?resize=225%2C300&amp;ssl=1 225w, https:\/\/i0.wp.com\/cdnoticias.com\/wp-content\/uploads\/2020\/11\/detenido-banda-encapuchados-DDI.jpeg?resize=768%2C1023&amp;ssl=1 768w, https:\/\/i0.wp.com\/cdnoticias.com\/wp-content\/uploads\/2020\/11\/detenido-banda-encapuchados-DDI.jpeg?resize=769%2C1024&amp;ssl=1 769w, https:\/\/i0.wp.com\/cdnoticias.com\/wp-content\/uploads\/2020\/11\/detenido-banda-encapuchados-DDI.jpeg?w=774&amp;ssl=1 774w\" sizes=\"auto, (max-width: 500px) 100vw, 500px\" \/><\/p>\n<p><strong>Modalidad<\/strong><\/p>\n<p>Los acusados <strong>se amparaban en la oscuridad<\/strong> y en su conocimiento de de las zonas semi-rurales para huir a campo traviesa -en autom\u00f3viles, motos, bicicletas, a pie y hasta en caballos- y as\u00ed abandonar los lugares donde comet\u00edan los il\u00edcitos.<\/p>\n<blockquote><p>Adem\u00e1s, se estableci\u00f3 que \u201cingresaban a las viviendas por la fuerza o aprovechando una oportunidad cuando sal\u00eda alg\u00fan morador, los reduc\u00edan a punta de arma, los ataban y tapaban sus cabezas con mantas y les desprove\u00edan de sus tel\u00e9fonos celulares y dinero en efectivo. En ocasiones sol\u00edan consumir bebida y alimento de la viviendas perpetradas\u201d.<\/p><\/blockquote>\n<p>En el marco de la investigaci\u00f3n, se expuso que \u201cla modalidad delictual tiene como punto de partida <strong>el d\u00eda 23 de diciembre del 2019 extendi\u00e9ndose hasta mediados de 2020<\/strong>\u201d. A su vez, se subray\u00f3 que <strong>la banda dej\u00f3 de cometer il\u00edcitos a ra\u00edz de los \u201clos sucesivos allanamientos realizados<\/strong> en este a\u00f1o por personal de la Sub DDI (de Olavarr\u00eda)\u201d. En dichos procedimientos se hab\u00edan secuestrado tel\u00e9fonos, prendas de vestir y armas de fuego sobre las que se estableci\u00f3 que hab\u00edan sido utilizadas para cometer los asaltos.<\/p>\n<p>En cuanto a las detenciones de este lunes, se inform\u00f3 de manera oficial que las acciones fueron encabezadas por la <strong>Sub DDI de Olavarr\u00eda<\/strong> y cont\u00f3 con la colaboraci\u00f3n de la <strong>Sub DDI Bol\u00edvar<\/strong>, <strong>Grupo Operativo Benito Ju\u00e1rez<\/strong> y <strong>Comisar\u00eda Primera Loca<\/strong>l.<\/p>\n","protected":false},"excerpt":{"rendered":"<p>El procedimiento se dio este lunes en Olavarr\u00eda a cargo de la Sub DDI local. Les imputan m\u00e1s de una<\/p>\n","protected":false},"author":4,"featured_media":7187,"comment_status":"closed","ping_status":"closed","sticky":false,"template":"","format":"standard","meta":{"_jetpack_memberships_contains_paid_content":false,"footnotes":""},"categories":[5,14,1],"tags":[],"class_list":["post-7186","post","type-post","status-publish","format-standard","has-post-thumbnail","hentry","category-informacion-general","category-policiales","category-portada"],"jetpack_featured_media_url":"https:\/\/i0.wp.com\/cdnoticias.com\/wp-content\/uploads\/2020\/11\/ddi-detenidos.jpg?fit=769%2C432&ssl=1","jetpack_sharing_enabled":true,"_links":{"self":[{"href":"https:\/\/cdnoticias.com\/index.php\/wp-json\/wp\/v2\/posts\/7186","targetHints":{"allow":["GET"]}}],"collection":[{"href":"https:\/\/cdnoticias.com\/index.php\/wp-json\/wp\/v2\/posts"}],"about":[{"href":"https:\/\/cdnoticias.com\/index.php\/wp-json\/wp\/v2\/types\/post"}],"author":[{"embeddable":true,"href":"https:\/\/cdnoticias.com\/index.php\/wp-json\/wp\/v2\/users\/4"}],"replies":[{"embeddable":true,"href":"https:\/\/cdnoticias.com\/index.php\/wp-json\/wp\/v2\/comments?post=7186"}],"version-history":[{"count":0,"href":"https:\/\/cdnoticias.com\/index.php\/wp-json\/wp\/v2\/posts\/7186\/revisions"}],"wp:featuredmedia":[{"embeddable":true,"href":"https:\/\/cdnoticias.com\/index.php\/wp-json\/wp\/v2\/media\/7187"}],"wp:attachment":[{"href":"https:\/\/cdnoticias.com\/index.php\/wp-json\/wp\/v2\/media?parent=7186"}],"wp:term":[{"taxonomy":"category","embeddable":true,"href":"https:\/\/cdnoticias.com\/index.php\/wp-json\/wp\/v2\/categories?post=7186"},{"taxonomy":"post_tag","embeddable":true,"href":"https:\/\/cdnoticias.com\/index.php\/wp-json\/wp\/v2\/tags?post=7186"}],"curies":[{"name":"wp","href":"https:\/\/api.w.org\/{rel}","templated":true}]}}