{"id":71838,"date":"2022-12-06T11:44:32","date_gmt":"2022-12-06T14:44:32","guid":{"rendered":"https:\/\/www.centraldenoticias.com.ar\/?p=71838"},"modified":"2022-12-06T12:16:43","modified_gmt":"2022-12-06T15:16:43","slug":"ante-las-altas-temperaturas-piden-hacer-un-uso-racional-del-agua-2","status":"publish","type":"post","link":"https:\/\/cdnoticias.com\/index.php\/2022\/12\/06\/ante-las-altas-temperaturas-piden-hacer-un-uso-racional-del-agua-2\/","title":{"rendered":"Ante las altas temperaturas, piden hacer un uso racional del agua"},"content":{"rendered":"<p>As\u00ed lo informaron desde Coopelectric. Las temperaturas m\u00e1ximas previstas para esta semana en Olavarr\u00eda, oscilan entre los 30\u00b0 y 34\u00b0.<!--more--><\/p>\n<hr \/>\n<p>Frente a las altas temperaturas registradas, desde el Servicio de Obras Sanitarias de Coopelectric se solicit\u00f3 a los vecinos hacer un<strong> uso racional y solidario del agua.<\/strong> Recordemos que el Servicio Meteorol\u00f3gico Nacional anticip\u00f3<a href=\"https:\/\/cdnoticias.com\/index.php\/2022\/12\/06\/otro-dia-de-mucho-calor-en-olavarria-maxima-de-34\/\" target=\"_blank\" rel=\"noopener\"> temperaturas de entre 30\u00b0 y 34\u00b0 para toda la semana en Olavarr\u00eda.<\/a><\/p>\n<p>&nbsp;<\/p>\n<p>Indicaron que los pozos de extracci\u00f3n del Servicio que se encuentran ubicados en distintos puntos de la ciudad est\u00e1n funcionando con normalidad y al 100 % de su capacidad, pero <strong>la simultaneidad y el exceso de consumo reducen la cantidad de agua disponible en la red ocasionando baja presi\u00f3n en las primeras horas de la tarde.<\/strong><\/p>\n<p>&nbsp;<\/p>\n<p>Se debe tener en cuenta que durante la noche, cuando el consumo disminuye, los niveles de presi\u00f3n se normalizan permitiendo que se llenen los tanques de reserva que cuentan con una capacidad de 500 lts.<\/p>\n<p>&nbsp;<\/p>\n<p>No obstante, apelaron al <strong>compromiso colectivo<\/strong> y al <strong>consumo responsable<\/strong> recomendando a los vecinos restringir cualquier uso innecesario del agua, especialmente que durante las horas pico no se llenen piletas, no se riegue y se evite el lavado de veredas, patios y veh\u00edculos.<\/p>\n<p>&nbsp;<\/p>\n<p>Por \u00faltimo, indicaron que por reclamos t\u00e9cnicos, los usuarios pueden comunicarse durante las 24 hs. al 411222 y dejar su mensaje grabado, enviar un mensaje de texto al 15-680000 o ingresar el reclamo v\u00eda WhastsApp 2284-230707.<\/p>\n<p>&nbsp;<\/p>\n<blockquote class=\"wp-embedded-content\" data-secret=\"px3P7NEB3F\"><p><a href=\"https:\/\/cdnoticias.com\/index.php\/2022\/12\/06\/otro-dia-de-mucho-calor-en-olavarria-maxima-de-34\/\">Otro d\u00eda de mucho calor en Olavarr\u00eda: m\u00e1xima de 34\u00b0<\/a><\/p><\/blockquote>\n<p><iframe loading=\"lazy\" class=\"wp-embedded-content\" sandbox=\"allow-scripts\" security=\"restricted\" style=\"position: absolute; clip: rect(1px, 1px, 1px, 1px);\" title=\"&#8220;Otro d\u00eda de mucho calor en Olavarr\u00eda: m\u00e1xima de 34\u00b0&#8221; &#8212; Central de Noticias | Olavarr\u00eda\" src=\"https:\/\/cdnoticias.com\/index.php\/2022\/12\/06\/otro-dia-de-mucho-calor-en-olavarria-maxima-de-34\/embed\/#?secret=clsx42Afz6#?secret=px3P7NEB3F\" data-secret=\"px3P7NEB3F\" width=\"600\" height=\"338\" frameborder=\"0\" marginwidth=\"0\" marginheight=\"0\" scrolling=\"no\"><\/iframe><\/p>\n","protected":false},"excerpt":{"rendered":"<p>As\u00ed lo informaron desde Coopelectric. Las temperaturas m\u00e1ximas previstas para esta semana en Olavarr\u00eda, oscilan entre los 30\u00b0 y 34\u00b0.<\/p>\n","protected":false},"author":5,"featured_media":34834,"comment_status":"closed","ping_status":"closed","sticky":false,"template":"","format":"standard","meta":{"_jetpack_memberships_contains_paid_content":false,"footnotes":""},"categories":[5,1],"tags":[],"class_list":["post-71838","post","type-post","status-publish","format-standard","has-post-thumbnail","hentry","category-informacion-general","category-portada"],"jetpack_featured_media_url":"https:\/\/i0.wp.com\/cdnoticias.com\/wp-content\/uploads\/2021\/10\/5a58ba6916a831515764329.jpg?fit=2199%2C1381&ssl=1","jetpack_sharing_enabled":true,"_links":{"self":[{"href":"https:\/\/cdnoticias.com\/index.php\/wp-json\/wp\/v2\/posts\/71838","targetHints":{"allow":["GET"]}}],"collection":[{"href":"https:\/\/cdnoticias.com\/index.php\/wp-json\/wp\/v2\/posts"}],"about":[{"href":"https:\/\/cdnoticias.com\/index.php\/wp-json\/wp\/v2\/types\/post"}],"author":[{"embeddable":true,"href":"https:\/\/cdnoticias.com\/index.php\/wp-json\/wp\/v2\/users\/5"}],"replies":[{"embeddable":true,"href":"https:\/\/cdnoticias.com\/index.php\/wp-json\/wp\/v2\/comments?post=71838"}],"version-history":[{"count":0,"href":"https:\/\/cdnoticias.com\/index.php\/wp-json\/wp\/v2\/posts\/71838\/revisions"}],"wp:featuredmedia":[{"embeddable":true,"href":"https:\/\/cdnoticias.com\/index.php\/wp-json\/wp\/v2\/media\/34834"}],"wp:attachment":[{"href":"https:\/\/cdnoticias.com\/index.php\/wp-json\/wp\/v2\/media?parent=71838"}],"wp:term":[{"taxonomy":"category","embeddable":true,"href":"https:\/\/cdnoticias.com\/index.php\/wp-json\/wp\/v2\/categories?post=71838"},{"taxonomy":"post_tag","embeddable":true,"href":"https:\/\/cdnoticias.com\/index.php\/wp-json\/wp\/v2\/tags?post=71838"}],"curies":[{"name":"wp","href":"https:\/\/api.w.org\/{rel}","templated":true}]}}