{"id":71825,"date":"2022-12-06T10:11:42","date_gmt":"2022-12-06T13:11:42","guid":{"rendered":"https:\/\/www.centraldenoticias.com.ar\/?p=71825"},"modified":"2022-12-06T11:44:55","modified_gmt":"2022-12-06T14:44:55","slug":"derechos-e-infancias-crearon-audiocuentos-para-ninos-y-ninas-de-jardines-de-olavarria","status":"publish","type":"post","link":"https:\/\/cdnoticias.com\/index.php\/2022\/12\/06\/derechos-e-infancias-crearon-audiocuentos-para-ninos-y-ninas-de-jardines-de-olavarria\/","title":{"rendered":"Derechos e infancias: crearon audiocuentos para ni\u00f1os y ni\u00f1as de jardines de Olavarr\u00eda"},"content":{"rendered":"<p>Participaron del proyecto estudiantes de la Facultad de Ciencias Sociales y talleristas del Programa Universitario de Personas Mayores. Trabajaron junto al Jard\u00edn de Infantes N\u00b0 913.<!--more--><\/p>\n<hr \/>\n<p>El <strong>Proyecto de Extensi\u00f3n \u201cDe cuentos con derechos\u201d<\/strong> es una iniciativa que busca promover los derechos de ni\u00f1os y ni\u00f1as de Olavarr\u00eda a partir del acceso a contenidos narrativos y se constituy\u00f3 en un \u00e1mbito para fomentar la participaci\u00f3n e integraci\u00f3n comunitaria de personas mayores en tanto promotoras de dichos contenidos. El producto final fue la realizaci\u00f3n de seis cuentos con perspectiva de derechos en formato sonoro, destinados a ni\u00f1os y ni\u00f1as de jardines de infantes de Olavarr\u00eda.<\/p>\n<p>&nbsp;<\/p>\n<p>El Proyecto fue aprobado y financiado por la Secretar\u00eda de Extensi\u00f3n, Bienestar y Transferencia de la Universidad Nacional del Centro de la Provincia de Buenos Aires, en el marco de la 7\u00aa Convocatoria de Proyectos de Extensi\u00f3n.<\/p>\n<p>&nbsp;<\/p>\n<p>Formaron parte de la propuesta el Observatorio de la Ni\u00f1ez y Adolescencia; las C\u00e1tedras de Taller de Lenguajes II y III (Comunicaci\u00f3n Radial) de la Licenciatura en Comunicaci\u00f3n Social y Periodismo; el Programa Universitario de Personas Mayores (PUPEMA) y Radio Universidad de la Facultad de Ciencias Sociales, junto con el Jard\u00edn de Infantes N\u00b0 913.<\/p>\n<p>&nbsp;<\/p>\n<p><img data-recalc-dims=\"1\" loading=\"lazy\" decoding=\"async\" class=\"aligncenter size-full wp-image-71826\" src=\"https:\/\/i0.wp.com\/cdnoticias.com\/wp-content\/uploads\/2022\/12\/Cuentos-con-Derechos-7.jpg?resize=800%2C445&#038;ssl=1\" alt=\"\" width=\"800\" height=\"445\" srcset=\"https:\/\/i0.wp.com\/cdnoticias.com\/wp-content\/uploads\/2022\/12\/Cuentos-con-Derechos-7.jpg?w=1516&amp;ssl=1 1516w, https:\/\/i0.wp.com\/cdnoticias.com\/wp-content\/uploads\/2022\/12\/Cuentos-con-Derechos-7.jpg?resize=300%2C167&amp;ssl=1 300w, https:\/\/i0.wp.com\/cdnoticias.com\/wp-content\/uploads\/2022\/12\/Cuentos-con-Derechos-7.jpg?resize=1024%2C570&amp;ssl=1 1024w, https:\/\/i0.wp.com\/cdnoticias.com\/wp-content\/uploads\/2022\/12\/Cuentos-con-Derechos-7.jpg?resize=768%2C428&amp;ssl=1 768w, https:\/\/i0.wp.com\/cdnoticias.com\/wp-content\/uploads\/2022\/12\/Cuentos-con-Derechos-7.jpg?resize=800%2C445&amp;ssl=1 800w\" sizes=\"auto, (max-width: 800px) 100vw, 800px\" \/><\/p>\n<p>&nbsp;<\/p>\n<p><strong>Trabajo articulado<\/strong><\/p>\n<p>&nbsp;<\/p>\n<p>Los audiocuentos fueron producidos y grabados en <strong>Radio Universidad<\/strong> en el marco de las Pr\u00e1cticas Socioeducativas, que se articularon con el proyecto de extensi\u00f3n y con la coordinaci\u00f3n de las C\u00e1tedras Taller de Lenguajes II y III.<\/p>\n<p>&nbsp;<\/p>\n<p>El grupo de<strong> estudiantes de la FACSO<\/strong> trabajaron a partir de las historias que escribieron los y las adultas\/os mayores que participaron del<strong> Taller de escritura creativa, dirigido por el escritor local Diego Rojas y coordinado por el Programa PUPEMA.<\/strong><\/p>\n<p>&nbsp;<\/p>\n<blockquote><p>Los cuentos versan sobre el derecho a jugar; a la protecci\u00f3n; a la salud; a la no discriminaci\u00f3n; a la libertad y capacidad de opini\u00f3n; al respeto y valoraci\u00f3n de la interculturalidad.<\/p><\/blockquote>\n<p>&nbsp;<\/p>\n<p>Los cuentos elaborados fueron los siguientes: &#8220;Los bu\u00f1uelos que curaron el enojo&#8221;, con la autor\u00eda de Celia Lizaso; &#8220;La casita M\u00e1gica&#8221;, escrito por Beatriz Wiese; &#8220;Aurelia que salta, salta y salta&#8221;, que escribi\u00f3 M\u00f3nica Bianciotti; &#8220;Clarita Casta\u00f1o&#8221;, obra de Guillermina Moro; &#8220;El regalo del cielo&#8221;, con la autor\u00eda de M\u00f3nica Romero; &#8220;Pruedencio el inventor&#8221;, redactado por Sergio Silveri.<\/p>\n<p>&nbsp;<\/p>\n<p><img data-recalc-dims=\"1\" loading=\"lazy\" decoding=\"async\" class=\"aligncenter size-full wp-image-71828\" src=\"https:\/\/i0.wp.com\/cdnoticias.com\/wp-content\/uploads\/2022\/12\/Cuentos-con-Derechos-8.jpg?resize=800%2C445&#038;ssl=1\" alt=\"\" width=\"800\" height=\"445\" srcset=\"https:\/\/i0.wp.com\/cdnoticias.com\/wp-content\/uploads\/2022\/12\/Cuentos-con-Derechos-8.jpg?w=1556&amp;ssl=1 1556w, https:\/\/i0.wp.com\/cdnoticias.com\/wp-content\/uploads\/2022\/12\/Cuentos-con-Derechos-8.jpg?resize=300%2C167&amp;ssl=1 300w, https:\/\/i0.wp.com\/cdnoticias.com\/wp-content\/uploads\/2022\/12\/Cuentos-con-Derechos-8.jpg?resize=1024%2C570&amp;ssl=1 1024w, https:\/\/i0.wp.com\/cdnoticias.com\/wp-content\/uploads\/2022\/12\/Cuentos-con-Derechos-8.jpg?resize=768%2C427&amp;ssl=1 768w, https:\/\/i0.wp.com\/cdnoticias.com\/wp-content\/uploads\/2022\/12\/Cuentos-con-Derechos-8.jpg?resize=1536%2C855&amp;ssl=1 1536w, https:\/\/i0.wp.com\/cdnoticias.com\/wp-content\/uploads\/2022\/12\/Cuentos-con-Derechos-8.jpg?resize=800%2C445&amp;ssl=1 800w\" sizes=\"auto, (max-width: 800px) 100vw, 800px\" \/><\/p>\n<p>&nbsp;<\/p>\n<p><strong>Las voces de los protagonistas: desaf\u00edos y entusiasmos<\/strong><\/p>\n<p>&nbsp;<\/p>\n<p><strong>\u201cFue un desaf\u00edo desde el primer momento\u201d<\/strong>, expres\u00f3 Diego Rojas, a cargo del Taller de escritura creativa. El escritor agreg\u00f3: \u201cEl desaf\u00edo era el tiempo para escribir ya que estaba todo estipulado para que luego los estudiantes de radio tuvieran el tiempo para poner voz a esos cuentos\u201d.<\/p>\n<p>&nbsp;<\/p>\n<p>Adem\u00e1s, destac\u00f3 la riqueza de los encuentros con un p\u00fablico m\u00e1s que heterog\u00e9neo y con intereses diversos: <strong>\u201cCada uno fue apoy\u00e1ndose clase a clase siendo muy respetuosos con las opiniones y aportes que podr\u00edan brindar para engrandecer el trabajo de escritura\u201d.<\/strong><\/p>\n<p>&nbsp;<\/p>\n<p>Una de las autoras del <strong>Taller de escritura creativa, Guillermina Moro<\/strong>, no dud\u00f3 en expresar que en la articulaci\u00f3n de todas las \u00e1reas e instituciones, \u201cdesde las diversidades de cada uno de nosotros con los aportes de todos y con el trabajo en equipo se concluy\u00f3 en la realizaci\u00f3n de estos seis audiocuentos que sin lugar a dura a m\u00ed me llenaron el alma\u201d. Adem\u00e1s de resaltar lo realizado a lo largo del taller, Guillermina destac\u00f3 la posibilidad de acercarse y compartir una jornada en el Jard\u00edn N.\u00ba 913.<\/p>\n<p>&nbsp;<\/p>\n<p>Por su parte, <strong>Diego Ibarra, docente de las C\u00e1tedras de Taller de Lenguajes II y III<\/strong>, describi\u00f3 que desempe\u00f1arse en la propuesta \u201cle permiti\u00f3 a los estudiantes tomar contacto con el afuera, m\u00e1s all\u00e1 de los pr\u00e1cticos que realizan para la c\u00e1tedra. En este caso fue tomar contacto con otras institucionalidades, con los autores, escuchar lo que ellos ten\u00edan para decirnos sobre los cuentos y despu\u00e9s aplicarlo. Y finalmente pensar que el producto iba a ser difundido a trav\u00e9s de redes como Spotify, YouTube y la p\u00e1gina de la radio\u201d.<\/p>\n<p>&nbsp;<\/p>\n<p>En el mismo sentido, la <strong>estudiante universitaria Magdalena Del R\u00edo<\/strong> expres\u00f3 que la experiencia \u201cfue una actividad diferente pero llena de emociones, algo muy distinto de lo que ven\u00edamos haciendo y hablar de los derechos en las infancias nos result\u00f3 muy importante. Adem\u00e1s creamos un v\u00ednculo hermoso con los autores de los cuentos y quienes llevaron adelante el proyecto\u201d.<\/p>\n<p>&nbsp;<\/p>\n<p><img data-recalc-dims=\"1\" loading=\"lazy\" decoding=\"async\" class=\"aligncenter size-full wp-image-71829\" src=\"https:\/\/i0.wp.com\/cdnoticias.com\/wp-content\/uploads\/2022\/12\/Cuentos-con-Derechos-9.jpg?resize=800%2C445&#038;ssl=1\" alt=\"\" width=\"800\" height=\"445\" srcset=\"https:\/\/i0.wp.com\/cdnoticias.com\/wp-content\/uploads\/2022\/12\/Cuentos-con-Derechos-9.jpg?w=900&amp;ssl=1 900w, https:\/\/i0.wp.com\/cdnoticias.com\/wp-content\/uploads\/2022\/12\/Cuentos-con-Derechos-9.jpg?resize=300%2C167&amp;ssl=1 300w, https:\/\/i0.wp.com\/cdnoticias.com\/wp-content\/uploads\/2022\/12\/Cuentos-con-Derechos-9.jpg?resize=768%2C428&amp;ssl=1 768w, https:\/\/i0.wp.com\/cdnoticias.com\/wp-content\/uploads\/2022\/12\/Cuentos-con-Derechos-9.jpg?resize=800%2C445&amp;ssl=1 800w\" sizes=\"auto, (max-width: 800px) 100vw, 800px\" \/><\/p>\n<p>&nbsp;<\/p>\n<p><strong>Paso a paso: de la creatividad al audiocuento<\/strong><\/p>\n<p>&nbsp;<\/p>\n<p>Durante el primer cuatrimestre, desde el <strong>Observatorio de Ni\u00f1ez y Adolescencia<\/strong> se acompa\u00f1\u00f3 el proceso de trabajo del taller de escritura y se brindaron talleres al grupo de escritores\/as sobre el <strong>Paradigma de Promoci\u00f3n y Protecci\u00f3n de Derechos de las Infancias.<\/strong> Antes del receso invernal, y con los cuentos ya elaborados, se realizaron encuentros entre los y las autores\/as y la C\u00e1tedra a fin de comenzar el trabajo de producci\u00f3n de los audiocuentos. Para ello se llevaron adelante clases sobre ficci\u00f3n en radio, trabajo con guion y uso del lenguaje radiof\u00f3nico, adaptaci\u00f3n de cuentos a guion literario, b\u00fasqueda de efectos sonoros y cortinas de ambientaci\u00f3n.<\/p>\n<p>&nbsp;<\/p>\n<p>Para el mes de las infancias, en agosto, se realizaron jornadas de lecturas de los cuentos realizadas por los y las autores\/as en el <strong>Jard\u00edn N\u00b0 913<\/strong>. Las salas de 4 y 5 a\u00f1os ilustraron los personajes de las historias, realizaron las tapas de cuentos como si fueran libros y trabajaron sobre los derechos implicados en las historias.<\/p>\n<p>&nbsp;<\/p>\n<p>En tanto, durante el segundo cuatrimestre se concretaron reuniones de trabajo entre autores\/as y estudiantes para ultimar la conversi\u00f3n de los cuentos en audiocuentos. Por \u00faltimo se elabor\u00f3 la art\u00edstica y se realizaron las<strong> grabaciones en Radio Universidad.<\/strong><\/p>\n<p>&nbsp;<\/p>\n<p>Los audiocuentos se encuentran actualmente en instancia de edici\u00f3n para ser publicados en las redes sociales y canales de la FACSO. Tambi\u00e9n ser\u00e1n presentados a las instituciones educativas del nivel inicial de la ciudad, y promocionados junto a otros materiales educativos en el marco del proyecto<strong> \u201cConocemos Nuestros Derechos\u201d, actividades que el Observatorio llevar\u00e1 a cabo durante el mes de las infancias el pr\u00f3ximo a\u00f1o.<\/strong><\/p>\n","protected":false},"excerpt":{"rendered":"<p>Participaron del proyecto estudiantes de la Facultad de Ciencias Sociales y talleristas del Programa Universitario de Personas Mayores. Trabajaron junto<\/p>\n","protected":false},"author":5,"featured_media":71827,"comment_status":"closed","ping_status":"closed","sticky":false,"template":"","format":"standard","meta":{"_jetpack_memberships_contains_paid_content":false,"footnotes":""},"categories":[5,1],"tags":[],"class_list":["post-71825","post","type-post","status-publish","format-standard","has-post-thumbnail","hentry","category-informacion-general","category-portada"],"jetpack_featured_media_url":"https:\/\/i0.wp.com\/cdnoticias.com\/wp-content\/uploads\/2022\/12\/Cuentos-con-Derechos-4.jpg?fit=1401%2C779&ssl=1","jetpack_sharing_enabled":true,"_links":{"self":[{"href":"https:\/\/cdnoticias.com\/index.php\/wp-json\/wp\/v2\/posts\/71825","targetHints":{"allow":["GET"]}}],"collection":[{"href":"https:\/\/cdnoticias.com\/index.php\/wp-json\/wp\/v2\/posts"}],"about":[{"href":"https:\/\/cdnoticias.com\/index.php\/wp-json\/wp\/v2\/types\/post"}],"author":[{"embeddable":true,"href":"https:\/\/cdnoticias.com\/index.php\/wp-json\/wp\/v2\/users\/5"}],"replies":[{"embeddable":true,"href":"https:\/\/cdnoticias.com\/index.php\/wp-json\/wp\/v2\/comments?post=71825"}],"version-history":[{"count":0,"href":"https:\/\/cdnoticias.com\/index.php\/wp-json\/wp\/v2\/posts\/71825\/revisions"}],"wp:featuredmedia":[{"embeddable":true,"href":"https:\/\/cdnoticias.com\/index.php\/wp-json\/wp\/v2\/media\/71827"}],"wp:attachment":[{"href":"https:\/\/cdnoticias.com\/index.php\/wp-json\/wp\/v2\/media?parent=71825"}],"wp:term":[{"taxonomy":"category","embeddable":true,"href":"https:\/\/cdnoticias.com\/index.php\/wp-json\/wp\/v2\/categories?post=71825"},{"taxonomy":"post_tag","embeddable":true,"href":"https:\/\/cdnoticias.com\/index.php\/wp-json\/wp\/v2\/tags?post=71825"}],"curies":[{"name":"wp","href":"https:\/\/api.w.org\/{rel}","templated":true}]}}