{"id":71817,"date":"2022-12-06T17:03:05","date_gmt":"2022-12-06T20:03:05","guid":{"rendered":"https:\/\/www.centraldenoticias.com.ar\/?p=71817"},"modified":"2022-12-06T17:03:05","modified_gmt":"2022-12-06T20:03:05","slug":"andrea-coronel-del-pot-con-nestor-grindetti","status":"publish","type":"post","link":"https:\/\/cdnoticias.com\/index.php\/2022\/12\/06\/andrea-coronel-del-pot-con-nestor-grindetti\/","title":{"rendered":"Andrea Coronel del POT, con N\u00e9stor Grindetti"},"content":{"rendered":"<p>La olavarriense particip\u00f3 de una reuni\u00f3n de Vecinalistas de la s\u00e9ptima secci\u00f3n electoral con el intendente de Lan\u00fas.<!--more--><\/p>\n<hr \/>\n<p><strong>La olavarriense Andrea Coronel del Por Olavarr\u00eda Todos (POT) particip\u00f3 de una reuni\u00f3n de Vecinalistas<\/strong> de la s\u00e9ptima secci\u00f3n electoral con el<strong> intendente de Lan\u00fas, N\u00e9stor Grindetti<\/strong>.<\/p>\n<p>&nbsp;<\/p>\n<p>Fue el pasado viernes y junto a la titular del POT estuvieron <strong>dirigentes de Bol\u00edvar, Azul, Tapalqu\u00e9, Alvear, Saladillo, 25 de Mayo y Roque P\u00e9rez.<\/strong> Se reunieron con Grindetti, referente de la <strong>agrupaci\u00f3n Hacemos Juntos<\/strong> <em>\u201cen busca de fortalecer el musculo pol\u00edtico, cosechar apoyos y ganar visibilidad de cara a la campa\u00f1a electoral 2023\u201d<\/em> se indic\u00f3.<\/p>\n<p>&nbsp;<\/p>\n<blockquote><p>\u201cEs importante ver que en la S\u00e9ptima Secci\u00f3n electoral existe un gran n\u00famero de dirigentes vecinalistas, que han decidido sumarse a Hacemos Juntos, y desde nuestro lugar estamos construyendo puentes para que m\u00e1s espacios vecinales de la provincia de Buenos Aires, sean parte de este proyecto\u201d destac\u00f3 Andrea Coronel.<\/p><\/blockquote>\n<p>&nbsp;<\/p>\n<p><img data-recalc-dims=\"1\" loading=\"lazy\" decoding=\"async\" class=\"size-full wp-image-71823 aligncenter\" src=\"https:\/\/i0.wp.com\/cdnoticias.com\/wp-content\/uploads\/2022\/12\/andrea-coronel-grindetti-1.jpg?resize=800%2C445&#038;ssl=1\" alt=\"\" width=\"800\" height=\"445\" srcset=\"https:\/\/i0.wp.com\/cdnoticias.com\/wp-content\/uploads\/2022\/12\/andrea-coronel-grindetti-1.jpg?w=800&amp;ssl=1 800w, https:\/\/i0.wp.com\/cdnoticias.com\/wp-content\/uploads\/2022\/12\/andrea-coronel-grindetti-1.jpg?resize=300%2C167&amp;ssl=1 300w, https:\/\/i0.wp.com\/cdnoticias.com\/wp-content\/uploads\/2022\/12\/andrea-coronel-grindetti-1.jpg?resize=768%2C427&amp;ssl=1 768w\" sizes=\"auto, (max-width: 800px) 100vw, 800px\" \/><\/p>\n<p>&nbsp;<\/p>\n<p>Como parte del encuentro, se llev\u00f3 a cabo una <strong>recorrida por el Centro de Monitoreo<\/strong>. El POT dio a conocer que \u201cse brind\u00f3 informaci\u00f3n de c\u00f3mo est\u00e1 constituido el nuevo edificio, c\u00f3mo es la forma en que desarrollan las actividades los operadores de c\u00e1mara, el trabajo mancomunado con el SAME Lan\u00fas, Defensa Civil, y 911 entre otras iniciativas\u201d.<\/p>\n<p>&nbsp;<\/p>\n<p>\u201cMuchas veces el trabajo que se hace desde el centro de monitoreo es silencioso, no se ve, pero es de <strong>mucha utilidad para la prevenci\u00f3n del delito<\/strong>; por eso es importante que todos los vecinos puedan conocerlo\u201d dijo Coronel, y agreg\u00f3: \u201ces de vital importancia el trabajo en conjunto, para dar una mejor respuesta ante la emergencia\u201d.<\/p>\n<p>&nbsp;<\/p>\n<p>&nbsp;<\/p>\n","protected":false},"excerpt":{"rendered":"<p>La olavarriense particip\u00f3 de una reuni\u00f3n de Vecinalistas de la s\u00e9ptima secci\u00f3n electoral con el intendente de Lan\u00fas.<\/p>\n","protected":false},"author":4,"featured_media":71822,"comment_status":"closed","ping_status":"closed","sticky":false,"template":"","format":"standard","meta":{"_jetpack_memberships_contains_paid_content":false,"footnotes":""},"categories":[4,1],"tags":[],"class_list":["post-71817","post","type-post","status-publish","format-standard","has-post-thumbnail","hentry","category-politica","category-portada"],"jetpack_featured_media_url":"https:\/\/i0.wp.com\/cdnoticias.com\/wp-content\/uploads\/2022\/12\/andrea-coronel-grindetti-0.jpg?fit=800%2C445&ssl=1","jetpack_sharing_enabled":true,"_links":{"self":[{"href":"https:\/\/cdnoticias.com\/index.php\/wp-json\/wp\/v2\/posts\/71817","targetHints":{"allow":["GET"]}}],"collection":[{"href":"https:\/\/cdnoticias.com\/index.php\/wp-json\/wp\/v2\/posts"}],"about":[{"href":"https:\/\/cdnoticias.com\/index.php\/wp-json\/wp\/v2\/types\/post"}],"author":[{"embeddable":true,"href":"https:\/\/cdnoticias.com\/index.php\/wp-json\/wp\/v2\/users\/4"}],"replies":[{"embeddable":true,"href":"https:\/\/cdnoticias.com\/index.php\/wp-json\/wp\/v2\/comments?post=71817"}],"version-history":[{"count":0,"href":"https:\/\/cdnoticias.com\/index.php\/wp-json\/wp\/v2\/posts\/71817\/revisions"}],"wp:featuredmedia":[{"embeddable":true,"href":"https:\/\/cdnoticias.com\/index.php\/wp-json\/wp\/v2\/media\/71822"}],"wp:attachment":[{"href":"https:\/\/cdnoticias.com\/index.php\/wp-json\/wp\/v2\/media?parent=71817"}],"wp:term":[{"taxonomy":"category","embeddable":true,"href":"https:\/\/cdnoticias.com\/index.php\/wp-json\/wp\/v2\/categories?post=71817"},{"taxonomy":"post_tag","embeddable":true,"href":"https:\/\/cdnoticias.com\/index.php\/wp-json\/wp\/v2\/tags?post=71817"}],"curies":[{"name":"wp","href":"https:\/\/api.w.org\/{rel}","templated":true}]}}