{"id":71805,"date":"2022-12-05T19:59:28","date_gmt":"2022-12-05T22:59:28","guid":{"rendered":"https:\/\/www.centraldenoticias.com.ar\/?p=71805"},"modified":"2022-12-06T08:31:43","modified_gmt":"2022-12-06T11:31:43","slug":"silencio-miedo-y-dolor-en-los-cuerpos-y-en-las-almas","status":"publish","type":"post","link":"https:\/\/cdnoticias.com\/index.php\/2022\/12\/05\/silencio-miedo-y-dolor-en-los-cuerpos-y-en-las-almas\/","title":{"rendered":"Silencio, miedo y dolor en los cuerpos y en las almas"},"content":{"rendered":"<p>Con tres relatos muy duros, se desarroll\u00f3 la audiencia n\u00famero 22 del Juicio La Huerta. <!--more--><\/p>\n<hr \/>\n<p><em>Cr\u00edmenes de lesa humanidad la zona centro de la provincia de Buenos aires.<\/em><\/p>\n<p><em>*Soledad Restivo\/ Agencia Comunica\/ Medios UNICEN<\/em><\/p>\n<p>&nbsp;<\/p>\n<p>Pasadas las 9:30 de este<strong> lunes 5 de diciembre<\/strong> el Tribunal Oral Federal en la Criminal de Mar del Plata <strong>reanud\u00f3 el debate, de manera h\u00edbrida<\/strong> (presencial y virtual), por los<strong> delitos de lesa humanidad cometidos en nuestra regi\u00f3n durante la \u00faltima dictadura c\u00edvico, militar, eclesial.<\/strong> El primero en dar testimonio fue <strong>Carlos Santiago<\/strong>, desde Olavarr\u00eda v\u00eda Zoom.<\/p>\n<p>&nbsp;<\/p>\n<p>A <strong>Carlos lo detuvieron en marzo de 1975 y fue preso pol\u00edtico hasta 1981<\/strong>. Sin embargo, su testimonio en este proceso no ten\u00eda que ver con los hechos que lo tuvieron como v\u00edctima, sino que cont\u00f3 lo que sab\u00eda sobre<strong> otros presos pol\u00edticos<\/strong> (v\u00edctimas comprendidas en este juicio) y las condiciones de detenci\u00f3n en los penales de Sierra Chica (2) y Azul (7). Recuerda haber cruzado a <strong>\u201cGonz\u00e1lez, Mezza, Corbal\u00e1n y Holsbach\u201d.<\/strong><\/p>\n<p>&nbsp;<\/p>\n<p>Santiago cont\u00f3 que el <strong>24 de marzo de 1976<\/strong> \u201cparado en el camastro por el ventiluz de la celda pude ver que el penal estaba rodeado de tanques. Hubo un antes y un despu\u00e9s\u201d de ese d\u00eda. <strong>La violencia, las torturas fueron extremadas.<\/strong> Record\u00f3 especialmente el <strong>ensa\u00f1amiento que mostr\u00f3 el oficial a cargo del pabell\u00f3n, Juan Manuel Miller<\/strong> (imputado en este juicio como responsable del delito de tormentos agravados por ser la v\u00edctima perseguido).<\/p>\n<p>&nbsp;<\/p>\n<p>Adem\u00e1s, subray\u00f3 que todo esto est\u00e1<strong> \u201cpresente de manera corrosiva en los cuerpos y almas\u201d<\/strong>. En cada declaraci\u00f3n \u201c<strong>los testigos movilizamos muchas cosas, las familias tambi\u00e9n, se revive todo y hay reparar cada vez\u2026recordar la cara de Miller o las veces que atentaron contra mi vida no es grato\u201d.<\/strong><\/p>\n<p>&nbsp;<\/p>\n<p>Luego dieron testimonio <strong>N\u00e9lida Verea<\/strong> (ex esposa) y <strong>Lorena Vel\u00e1zquez<\/strong> (hija). Relataron los hechos de los que fue v\u00edctima Carlos Alberto Vel\u00e1zquez (fallecido) qui\u00e9n se desempe\u00f1aba como gremialista y pertenec\u00eda a la UOM. Fue secuestrado el d\u00eda 24 de marzo de 1976. Carlos fue llevado a la Comisar\u00eda donde fue ferozmente torturado. Luego lo trasladaron a la Unidad penal 7 de Azul y tres meses despu\u00e9s lo destinaron a la c\u00e1rcel de Sierra Chica hasta octubre del a\u00f1o 1976.<\/p>\n<p>&nbsp;<\/p>\n<p>N\u00e9lida conto con detalles el operativo de fuerzas conjuntas en el cual secuestraron a Vel\u00e1zquez. Toda la noche, desde las 23 horas hasta las 8 de la ma\u00f1ana, permanecieron en el hogar \u201cgolpe\u00e1ndolo\u201d y amenazando con lastimar a sus hijos (8 y 5 a\u00f1os) a quienes les apuntaban con armas largas y les preguntaban d\u00f3nde estaban las armas. <strong>Lorena asegur\u00f3 que su padre \u201cse salv\u00f3\u201d por la constancia de su madre en ir todos los d\u00edas caminando tres kil\u00f3metros y medios hasta los cuarteles para buscar respuestas.<\/strong><\/p>\n<p>&nbsp;<\/p>\n<p>El<strong> lunes 19 de diciembre se realizar\u00e1 la \u00faltima audiencia<\/strong> de este tramo y ser\u00e1 retrasmitida en el Aula Magna UNICEN (Pinto 399- Tandil) y en el Centro de Investigaci\u00f3n y Posgrado de la Facultad de Derecho de la UNICEN (Bol\u00edvar 481).<\/p>\n","protected":false},"excerpt":{"rendered":"<p>Con tres relatos muy duros, se desarroll\u00f3 la audiencia n\u00famero 22 del Juicio La Huerta.<\/p>\n","protected":false},"author":6,"featured_media":71806,"comment_status":"closed","ping_status":"closed","sticky":false,"template":"","format":"standard","meta":{"_jetpack_memberships_contains_paid_content":false,"footnotes":""},"categories":[5,1],"tags":[],"class_list":["post-71805","post","type-post","status-publish","format-standard","has-post-thumbnail","hentry","category-informacion-general","category-portada"],"jetpack_featured_media_url":"https:\/\/i0.wp.com\/cdnoticias.com\/wp-content\/uploads\/2022\/12\/WhatsApp-Image-2022-12-05-at-19.15.24.jpeg?fit=1600%2C1204&ssl=1","jetpack_sharing_enabled":true,"_links":{"self":[{"href":"https:\/\/cdnoticias.com\/index.php\/wp-json\/wp\/v2\/posts\/71805","targetHints":{"allow":["GET"]}}],"collection":[{"href":"https:\/\/cdnoticias.com\/index.php\/wp-json\/wp\/v2\/posts"}],"about":[{"href":"https:\/\/cdnoticias.com\/index.php\/wp-json\/wp\/v2\/types\/post"}],"author":[{"embeddable":true,"href":"https:\/\/cdnoticias.com\/index.php\/wp-json\/wp\/v2\/users\/6"}],"replies":[{"embeddable":true,"href":"https:\/\/cdnoticias.com\/index.php\/wp-json\/wp\/v2\/comments?post=71805"}],"version-history":[{"count":0,"href":"https:\/\/cdnoticias.com\/index.php\/wp-json\/wp\/v2\/posts\/71805\/revisions"}],"wp:featuredmedia":[{"embeddable":true,"href":"https:\/\/cdnoticias.com\/index.php\/wp-json\/wp\/v2\/media\/71806"}],"wp:attachment":[{"href":"https:\/\/cdnoticias.com\/index.php\/wp-json\/wp\/v2\/media?parent=71805"}],"wp:term":[{"taxonomy":"category","embeddable":true,"href":"https:\/\/cdnoticias.com\/index.php\/wp-json\/wp\/v2\/categories?post=71805"},{"taxonomy":"post_tag","embeddable":true,"href":"https:\/\/cdnoticias.com\/index.php\/wp-json\/wp\/v2\/tags?post=71805"}],"curies":[{"name":"wp","href":"https:\/\/api.w.org\/{rel}","templated":true}]}}