{"id":71785,"date":"2022-12-05T18:30:09","date_gmt":"2022-12-05T21:30:09","guid":{"rendered":"https:\/\/www.centraldenoticias.com.ar\/?p=71785"},"modified":"2022-12-05T20:00:00","modified_gmt":"2022-12-05T23:00:00","slug":"campana-antirrabica-durante-el-ultimo-trimestre-fueron-vacunados-mas-de-7600-animales","status":"publish","type":"post","link":"https:\/\/cdnoticias.com\/index.php\/2022\/12\/05\/campana-antirrabica-durante-el-ultimo-trimestre-fueron-vacunados-mas-de-7600-animales\/","title":{"rendered":"Campa\u00f1a Antirr\u00e1bica: Durante el \u00faltimo trimestre fueron vacunados m\u00e1s de 7600 animales"},"content":{"rendered":"<p>Desde septiembre hasta noviembre las aplicaciones se dieron en 39 puestos de vacunaci\u00f3n ubicados en distintos puntos de la ciudad. <!--more--><\/p>\n<hr \/>\n<p>Desde la <strong>Direcci\u00f3n de Bromatolog\u00eda<\/strong> se dio a <strong>conocer un informe<\/strong> acerca de la tarea realizada durante el \u00faltimo trimestre en el <strong>marco de la Campa\u00f1a Antirr\u00e1bica<\/strong>, una pol\u00edtica cuya estrategia apunta al fortalecimiento de las acciones de prevenci\u00f3n, acci\u00f3n y control de la enfermedad.<\/p>\n<p>&nbsp;<\/p>\n<p><em>Central de Noticias <\/em>dialog\u00f3 con <strong>Jesica L\u00f3pez, Directora de Veterinaria<\/strong> quien expres\u00f3 que &#8220;<em><strong>para todos aquellos que no se han acercado la vacunaci\u00f3n es obligatoria y gratuita. Es el \u00fanico m\u00e9todo de prevenci\u00f3n de la enfermedad, as\u00ed que los vecinos se pueden trasladar al Centro de Veterinario&#8221;.<\/strong><\/em><\/p>\n<p>&nbsp;<\/p>\n<p>Se detall\u00f3 que <strong>desde septiembre hasta el final de noviembre<\/strong> se<strong> vacunaron contra la rabia un total de 7625 animales,<\/strong> puntualmente<strong> 6814 perros y 811 gatos.<\/strong><\/p>\n<p>&nbsp;<\/p>\n<p>L\u00f3pez expres\u00f3 que la diferencia entre estos dos \u00faltimos n\u00fameros se da porque &#8220;<em><strong>a las personas le resulta m\u00e1s dificultoso trasladar a un gato, adem\u00e1s de que hay menos poblaci\u00f3n de gatos que de perros. Recomiendo trasladarlo en un bolso, jaula, valija trasportadora y tratar de que el animal viaje seguro tanto para el propietario como para el veterinario que lo recibe&#8221;.<\/strong><\/em><\/p>\n<p>&nbsp;<\/p>\n<p>Las aplicaciones se dieron en <strong>39 puestos de vacunaci\u00f3n<\/strong> que se ubicaron en<strong> distintos puntos de la ciudad<\/strong> e incluso &#8220;<strong>localidades como Recalde, Espigas, Santa Luisa<\/strong>&#8221; agreg\u00f3 L\u00f3pez.<\/p>\n<p>&nbsp;<\/p>\n<p>Desde el \u00e1rea se enfatiz\u00f3 que la <strong>rabia es una enfermedad viral<\/strong> que afecta al sistema nervioso de los mam\u00edferos, incluyendo a los seres humanos, que en la gran mayor\u00eda de los casos presenta un desenlace fatal. La inmunizaci\u00f3n de la rabia en perros y gatos es la \u00fanica medida preventiva para evitar la transmisi\u00f3n de la enfermedad a las personas.<\/p>\n<p>&nbsp;<\/p>\n<p>Se recuerda a vecinos y vecinas que la<strong> vacunaci\u00f3n antirr\u00e1bica es anual<\/strong>, es por eso que a aquellos animales que hayan quedado sin vacunaci\u00f3n, pueden acercarlos durante todo el a\u00f1o al <strong>Centro de Atenci\u00f3n Veterinaria,<\/strong> ubicado en <strong>avenida Urquiza 5493 de lunes a viernes en el horario de 12:00 a 13 horas.<\/strong><\/p>\n","protected":false},"excerpt":{"rendered":"<p>Desde septiembre hasta noviembre las aplicaciones se dieron en 39 puestos de vacunaci\u00f3n ubicados en distintos puntos de la ciudad.<\/p>\n","protected":false},"author":6,"featured_media":68820,"comment_status":"closed","ping_status":"closed","sticky":false,"template":"","format":"standard","meta":{"_jetpack_memberships_contains_paid_content":false,"footnotes":""},"categories":[5,1],"tags":[],"class_list":["post-71785","post","type-post","status-publish","format-standard","has-post-thumbnail","hentry","category-informacion-general","category-portada"],"jetpack_featured_media_url":"https:\/\/i0.wp.com\/cdnoticias.com\/wp-content\/uploads\/2022\/11\/vacunacion-antirrabica.jpeg?fit=1024%2C727&ssl=1","jetpack_sharing_enabled":true,"_links":{"self":[{"href":"https:\/\/cdnoticias.com\/index.php\/wp-json\/wp\/v2\/posts\/71785","targetHints":{"allow":["GET"]}}],"collection":[{"href":"https:\/\/cdnoticias.com\/index.php\/wp-json\/wp\/v2\/posts"}],"about":[{"href":"https:\/\/cdnoticias.com\/index.php\/wp-json\/wp\/v2\/types\/post"}],"author":[{"embeddable":true,"href":"https:\/\/cdnoticias.com\/index.php\/wp-json\/wp\/v2\/users\/6"}],"replies":[{"embeddable":true,"href":"https:\/\/cdnoticias.com\/index.php\/wp-json\/wp\/v2\/comments?post=71785"}],"version-history":[{"count":0,"href":"https:\/\/cdnoticias.com\/index.php\/wp-json\/wp\/v2\/posts\/71785\/revisions"}],"wp:featuredmedia":[{"embeddable":true,"href":"https:\/\/cdnoticias.com\/index.php\/wp-json\/wp\/v2\/media\/68820"}],"wp:attachment":[{"href":"https:\/\/cdnoticias.com\/index.php\/wp-json\/wp\/v2\/media?parent=71785"}],"wp:term":[{"taxonomy":"category","embeddable":true,"href":"https:\/\/cdnoticias.com\/index.php\/wp-json\/wp\/v2\/categories?post=71785"},{"taxonomy":"post_tag","embeddable":true,"href":"https:\/\/cdnoticias.com\/index.php\/wp-json\/wp\/v2\/tags?post=71785"}],"curies":[{"name":"wp","href":"https:\/\/api.w.org\/{rel}","templated":true}]}}