{"id":71766,"date":"2022-12-05T17:15:48","date_gmt":"2022-12-05T20:15:48","guid":{"rendered":"https:\/\/www.centraldenoticias.com.ar\/?p=71766"},"modified":"2022-12-05T17:15:48","modified_gmt":"2022-12-05T20:15:48","slug":"presentaran-el-informe-del-incumplimiento-de-la-obligacion-alimentaria-en-la-provincia","status":"publish","type":"post","link":"https:\/\/cdnoticias.com\/index.php\/2022\/12\/05\/presentaran-el-informe-del-incumplimiento-de-la-obligacion-alimentaria-en-la-provincia\/","title":{"rendered":"Presentar\u00e1n el Informe del Incumplimiento de la Obligaci\u00f3n Alimentaria en la Provincia"},"content":{"rendered":"<p>Es una actividad organizada por el CALIS, con la participaci\u00f3n de funcionarias provinciales. El 65% de las mujeres bonaerenses no recibe la obligaci\u00f3n alimentaria de parte del padre de sus hijas o hijos o s\u00f3lo la percibe en forma espor\u00e1dica.<!--more--><\/p>\n<hr \/>\n<p>El pr\u00f3ximo<strong> mi\u00e9rcoles 7 de diciembre a las 16:00 horas se presentar\u00e1 el Informe del Incumplimiento de la Obligaci\u00f3n Alimentaria en la Provincia de Buenos Aires<\/strong> realizado por\u00a0 el Ministerio de las Mujeres, Pol\u00edticas de G\u00e9nero y Diversidad Sexual de la provincia de Buenos Aires.<\/p>\n<p>&nbsp;<\/p>\n<p>En este encuentro participar\u00e1n la doctora Luc\u00eda Portos, Subsecretaria de Pol\u00edticas de G\u00e9nero y Diversidad Sexual de la PBA, Lucia Cavallero, Directora de Programas Especiales para la Igualdad de G\u00e9nero de la Subsecretaria de Pol\u00edticas de G\u00e9nero y Diversidad Sexual de la PBA, y Luisina Carrizo, parte del equipo de investigaci\u00f3n.<\/p>\n<p>&nbsp;<\/p>\n<blockquote><p>La jornada se realizar\u00e1 en la sede de la Asociaci\u00f3n de Abogados, Moreno 4169 de Olavarr\u00eda y <a href=\"https:\/\/forms.gle\/Bo6GrSvxW5mMQTnS7\" target=\"_blank\" rel=\"noopener\">la inscripci\u00f3n debe efectuarse a trav\u00e9s de este link.\u00a0<\/a><\/p><\/blockquote>\n<p>&nbsp;<\/p>\n<p>De esta manera, <strong><em>\u201cC.A.L.I.S. contin\u00faa con el espacio de debate y formaci\u00f3n que emprendi\u00f3 en el a\u00f1o 2016\u201d.<\/em> <\/strong>Cabe se\u00f1alar que este tipo de encuentros <em>\u201cse concretan con el objetivo de intercambiar ideas sobre problem\u00e1ticas actuales y fundamentales para el desarrollo de nuestra profesi\u00f3n y\/o para adquirir conocimiento en diferentes \u00e1reas\u201d.<\/em><\/p>\n<p>&nbsp;<\/p>\n<p>Este informe se realiz\u00f3 en base a una<strong> encuesta que respondieron personas de los 135 municipios de la PBA y tambi\u00e9n se realizaron entrevistas en profundidad con informantes clave.<\/strong><\/p>\n<p>&nbsp;<\/p>\n<p>El resultado permite <em>\u201cvisibilizar las consecuencias que el incumplimiento tiene en la vida de las mujeres, infantes y adolescentes, as\u00ed como generar un mapeo exhaustivo de los obst\u00e1culos que \u00e9stas enfrentan para conseguir acceder a la justicia, donde las respuestas que reciben son deficientes y fragmentadas\u201d.<\/em> Uno de los datos m\u00e1s impactantes del informe es que <strong><em>\u201cel 65% de las mujeres bonaerenses no recibe la obligaci\u00f3n alimentaria de parte del padre de sus hijas o hijos o s\u00f3lo la percibe en forma espor\u00e1dica. Este fen\u00f3meno se da en todas las clases sociales\u201d.<\/em><\/strong><\/p>\n<p>&nbsp;<\/p>\n<p><em>\u201cEl Centro de Acciones Legales por La Inclusi\u00f3n Social (C.A.L.I.S.) hace extensiva la invitaci\u00f3n a todos aquellos funcionarios, profesionales y comunidad en general, ofreciendo un espacio de capacitaci\u00f3n gratuita\u201d<\/em> cerraron.<\/p>\n","protected":false},"excerpt":{"rendered":"<p>Es una actividad organizada por el CALIS, con la participaci\u00f3n de funcionarias provinciales. El 65% de las mujeres bonaerenses no<\/p>\n","protected":false},"author":2,"featured_media":71767,"comment_status":"closed","ping_status":"closed","sticky":false,"template":"","format":"standard","meta":{"_jetpack_memberships_contains_paid_content":false,"footnotes":""},"categories":[5,1],"tags":[],"class_list":["post-71766","post","type-post","status-publish","format-standard","has-post-thumbnail","hentry","category-informacion-general","category-portada"],"jetpack_featured_media_url":"https:\/\/i0.wp.com\/cdnoticias.com\/wp-content\/uploads\/2022\/12\/WhatsApp-Image-2022-12-05-at-15.35.13q.jpeg?fit=1080%2C690&ssl=1","jetpack_sharing_enabled":true,"_links":{"self":[{"href":"https:\/\/cdnoticias.com\/index.php\/wp-json\/wp\/v2\/posts\/71766","targetHints":{"allow":["GET"]}}],"collection":[{"href":"https:\/\/cdnoticias.com\/index.php\/wp-json\/wp\/v2\/posts"}],"about":[{"href":"https:\/\/cdnoticias.com\/index.php\/wp-json\/wp\/v2\/types\/post"}],"author":[{"embeddable":true,"href":"https:\/\/cdnoticias.com\/index.php\/wp-json\/wp\/v2\/users\/2"}],"replies":[{"embeddable":true,"href":"https:\/\/cdnoticias.com\/index.php\/wp-json\/wp\/v2\/comments?post=71766"}],"version-history":[{"count":0,"href":"https:\/\/cdnoticias.com\/index.php\/wp-json\/wp\/v2\/posts\/71766\/revisions"}],"wp:featuredmedia":[{"embeddable":true,"href":"https:\/\/cdnoticias.com\/index.php\/wp-json\/wp\/v2\/media\/71767"}],"wp:attachment":[{"href":"https:\/\/cdnoticias.com\/index.php\/wp-json\/wp\/v2\/media?parent=71766"}],"wp:term":[{"taxonomy":"category","embeddable":true,"href":"https:\/\/cdnoticias.com\/index.php\/wp-json\/wp\/v2\/categories?post=71766"},{"taxonomy":"post_tag","embeddable":true,"href":"https:\/\/cdnoticias.com\/index.php\/wp-json\/wp\/v2\/tags?post=71766"}],"curies":[{"name":"wp","href":"https:\/\/api.w.org\/{rel}","templated":true}]}}