{"id":71765,"date":"2022-12-05T18:02:45","date_gmt":"2022-12-05T21:02:45","guid":{"rendered":"https:\/\/www.centraldenoticias.com.ar\/?p=71765"},"modified":"2022-12-06T07:57:38","modified_gmt":"2022-12-06T10:57:38","slug":"corte-de-luz-en-un-sector-de-la-ciudad-7","status":"publish","type":"post","link":"https:\/\/cdnoticias.com\/index.php\/2022\/12\/05\/corte-de-luz-en-un-sector-de-la-ciudad-7\/","title":{"rendered":"Corte de luz en un sector de la ciudad"},"content":{"rendered":"<p>Ser\u00e1 este martes de 5:30 a 6:30. Se indic\u00f3 que es por tareas de mantenimiento.<!--more--><\/p>\n<hr \/>\n<p>Desde Coopelectric se inform\u00f3 que durante la<strong> ma\u00f1ana de este martes 6<\/strong> se llevar\u00e1 a cabo un<strong> corte de luz por tareas de mantenimiento.<\/strong><\/p>\n<p>&nbsp;<\/p>\n<p>Ser\u00e1 entre las<strong> 5:30 y las 6:30<\/strong> y comprende las siguientes calles: <strong>\u00c1lvaro Barros- avenida Brown-Rep\u00fablica del L\u00edbano-Moreno.<\/strong><\/p>\n<p>&nbsp;<\/p>\n<p>Se indic\u00f3 que puede suspenderse sin las condiciones clim\u00e1ticas son adversas. En tal caso, las tareas ser\u00e1n reprogramadas.<\/p>\n<p>&nbsp;<\/p>\n","protected":false},"excerpt":{"rendered":"<p>Ser\u00e1 este martes de 5:30 a 6:30. Se indic\u00f3 que es por tareas de mantenimiento.<\/p>\n","protected":false},"author":6,"featured_media":39704,"comment_status":"closed","ping_status":"closed","sticky":false,"template":"","format":"standard","meta":{"_jetpack_memberships_contains_paid_content":false,"footnotes":""},"categories":[5],"tags":[],"class_list":["post-71765","post","type-post","status-publish","format-standard","has-post-thumbnail","hentry","category-informacion-general"],"jetpack_featured_media_url":"https:\/\/i0.wp.com\/cdnoticias.com\/wp-content\/uploads\/2021\/11\/coopelectric-0.jpg?fit=1000%2C556&ssl=1","jetpack_sharing_enabled":true,"_links":{"self":[{"href":"https:\/\/cdnoticias.com\/index.php\/wp-json\/wp\/v2\/posts\/71765","targetHints":{"allow":["GET"]}}],"collection":[{"href":"https:\/\/cdnoticias.com\/index.php\/wp-json\/wp\/v2\/posts"}],"about":[{"href":"https:\/\/cdnoticias.com\/index.php\/wp-json\/wp\/v2\/types\/post"}],"author":[{"embeddable":true,"href":"https:\/\/cdnoticias.com\/index.php\/wp-json\/wp\/v2\/users\/6"}],"replies":[{"embeddable":true,"href":"https:\/\/cdnoticias.com\/index.php\/wp-json\/wp\/v2\/comments?post=71765"}],"version-history":[{"count":0,"href":"https:\/\/cdnoticias.com\/index.php\/wp-json\/wp\/v2\/posts\/71765\/revisions"}],"wp:featuredmedia":[{"embeddable":true,"href":"https:\/\/cdnoticias.com\/index.php\/wp-json\/wp\/v2\/media\/39704"}],"wp:attachment":[{"href":"https:\/\/cdnoticias.com\/index.php\/wp-json\/wp\/v2\/media?parent=71765"}],"wp:term":[{"taxonomy":"category","embeddable":true,"href":"https:\/\/cdnoticias.com\/index.php\/wp-json\/wp\/v2\/categories?post=71765"},{"taxonomy":"post_tag","embeddable":true,"href":"https:\/\/cdnoticias.com\/index.php\/wp-json\/wp\/v2\/tags?post=71765"}],"curies":[{"name":"wp","href":"https:\/\/api.w.org\/{rel}","templated":true}]}}