{"id":71752,"date":"2022-12-05T12:23:14","date_gmt":"2022-12-05T15:23:14","guid":{"rendered":"https:\/\/www.centraldenoticias.com.ar\/?p=71752"},"modified":"2022-12-05T18:30:25","modified_gmt":"2022-12-05T21:30:25","slug":"detectaron-tres-alcoholemias-positivas-durante-el-fin-de-semana","status":"publish","type":"post","link":"https:\/\/cdnoticias.com\/index.php\/2022\/12\/05\/detectaron-tres-alcoholemias-positivas-durante-el-fin-de-semana\/","title":{"rendered":"Detectaron tres alcoholemias positivas durante el fin de semana"},"content":{"rendered":"<p>En el marco de la continuidad de las tareas preventivas desde la Subsecretar\u00eda de Seguridad Municipal.<!--more--><\/p>\n<hr \/>\n<p>Desde la Subsecretar\u00eda de Seguridad de la Municipalidad de Olavarr\u00eda se inform\u00f3 que durante el pasado fin de semana se detectaron <strong>3 alcoholemias positivas en el marco de la continuidad de los operativos preventivos y de control en materia de seguridad vial<\/strong> que de manera regular se llevan adelante en puntos estrat\u00e9gicos de la ciudad, en tareas realizadas desde la Direcci\u00f3n de Control Urbano con el aporte de diversas dependencias de la polic\u00eda Bonaerense.<\/p>\n<p>&nbsp;<\/p>\n<p>De acuerdo con lo que se detall\u00f3 desde el \u00e1rea, en las \u00faltimas horas fueron 3 los conductores sorprendidos con niveles de alcoholemia por encima de los valores permitidos. Se expres\u00f3 que <strong>1.55 g\/l, 1.21 g\/l y 0.98 g\/l fueron los dosajes de alcohol<\/strong> en sangre detectados, cuando el m\u00e1ximo permitido, vale recordar, es de 0.5 g\/l en autom\u00f3viles y 0.2 g\/l en motocicletas.<\/p>\n<p>&nbsp;<\/p>\n<blockquote><p>Uno de los casos corresponde a un siniestro vial que se registr\u00f3 sobre avenida Col\u00f3n y Leal. En total se llevaron a cabo 56 testeos de estas caracter\u00edsticas.<\/p><\/blockquote>\n<p>&nbsp;<\/p>\n<p><img data-recalc-dims=\"1\" loading=\"lazy\" decoding=\"async\" class=\"aligncenter size-full wp-image-71756\" src=\"https:\/\/i0.wp.com\/cdnoticias.com\/wp-content\/uploads\/2022\/12\/controles-transito-1.jpg?resize=800%2C445&#038;ssl=1\" alt=\"\" width=\"800\" height=\"445\" srcset=\"https:\/\/i0.wp.com\/cdnoticias.com\/wp-content\/uploads\/2022\/12\/controles-transito-1.jpg?w=1428&amp;ssl=1 1428w, https:\/\/i0.wp.com\/cdnoticias.com\/wp-content\/uploads\/2022\/12\/controles-transito-1.jpg?resize=300%2C167&amp;ssl=1 300w, https:\/\/i0.wp.com\/cdnoticias.com\/wp-content\/uploads\/2022\/12\/controles-transito-1.jpg?resize=1024%2C569&amp;ssl=1 1024w, https:\/\/i0.wp.com\/cdnoticias.com\/wp-content\/uploads\/2022\/12\/controles-transito-1.jpg?resize=768%2C427&amp;ssl=1 768w, https:\/\/i0.wp.com\/cdnoticias.com\/wp-content\/uploads\/2022\/12\/controles-transito-1.jpg?resize=800%2C445&amp;ssl=1 800w\" sizes=\"auto, (max-width: 800px) 100vw, 800px\" \/><\/p>\n<p>&nbsp;<\/p>\n<p>Por otra parte, se agreg\u00f3 que en total fueron 158 los rodados interceptados e identificados, puntualmente 98 autos y 60 ciclomotores. En ese marco, <strong>se labraron 32 actas por diversas infracciones a la Ley Nacional de Tr\u00e1nsito<\/strong>, lo que se tradujo tambi\u00e9n en la <strong>retenci\u00f3n de 5 licencias de conducir, 5 autom\u00f3viles y 8 motos.<\/strong><\/p>\n<p>&nbsp;<\/p>\n<p><img data-recalc-dims=\"1\" loading=\"lazy\" decoding=\"async\" class=\"aligncenter size-full wp-image-71754\" src=\"https:\/\/i0.wp.com\/cdnoticias.com\/wp-content\/uploads\/2022\/12\/controles-transito-3.jpg?resize=800%2C445&#038;ssl=1\" alt=\"\" width=\"800\" height=\"445\" srcset=\"https:\/\/i0.wp.com\/cdnoticias.com\/wp-content\/uploads\/2022\/12\/controles-transito-3.jpg?w=1280&amp;ssl=1 1280w, https:\/\/i0.wp.com\/cdnoticias.com\/wp-content\/uploads\/2022\/12\/controles-transito-3.jpg?resize=300%2C167&amp;ssl=1 300w, https:\/\/i0.wp.com\/cdnoticias.com\/wp-content\/uploads\/2022\/12\/controles-transito-3.jpg?resize=1024%2C570&amp;ssl=1 1024w, https:\/\/i0.wp.com\/cdnoticias.com\/wp-content\/uploads\/2022\/12\/controles-transito-3.jpg?resize=768%2C427&amp;ssl=1 768w, https:\/\/i0.wp.com\/cdnoticias.com\/wp-content\/uploads\/2022\/12\/controles-transito-3.jpg?resize=800%2C445&amp;ssl=1 800w\" sizes=\"auto, (max-width: 800px) 100vw, 800px\" \/><\/p>\n<p>&nbsp;<\/p>\n<p>Los veh\u00edculos retenidos fueron trasladados al Corral\u00f3n Municipal, mientras que las actuaciones iniciadas fueron puestas a disposici\u00f3n del Juzgado de Faltas Municipal.<\/p>\n<p>&nbsp;<\/p>\n","protected":false},"excerpt":{"rendered":"<p>En el marco de la continuidad de las tareas preventivas desde la Subsecretar\u00eda de Seguridad Municipal.<\/p>\n","protected":false},"author":5,"featured_media":71753,"comment_status":"closed","ping_status":"closed","sticky":false,"template":"","format":"standard","meta":{"_jetpack_memberships_contains_paid_content":false,"footnotes":""},"categories":[5,14],"tags":[],"class_list":["post-71752","post","type-post","status-publish","format-standard","has-post-thumbnail","hentry","category-informacion-general","category-policiales"],"jetpack_featured_media_url":"https:\/\/i0.wp.com\/cdnoticias.com\/wp-content\/uploads\/2022\/12\/controles-transito-4.jpg?fit=1280%2C712&ssl=1","jetpack_sharing_enabled":true,"_links":{"self":[{"href":"https:\/\/cdnoticias.com\/index.php\/wp-json\/wp\/v2\/posts\/71752","targetHints":{"allow":["GET"]}}],"collection":[{"href":"https:\/\/cdnoticias.com\/index.php\/wp-json\/wp\/v2\/posts"}],"about":[{"href":"https:\/\/cdnoticias.com\/index.php\/wp-json\/wp\/v2\/types\/post"}],"author":[{"embeddable":true,"href":"https:\/\/cdnoticias.com\/index.php\/wp-json\/wp\/v2\/users\/5"}],"replies":[{"embeddable":true,"href":"https:\/\/cdnoticias.com\/index.php\/wp-json\/wp\/v2\/comments?post=71752"}],"version-history":[{"count":0,"href":"https:\/\/cdnoticias.com\/index.php\/wp-json\/wp\/v2\/posts\/71752\/revisions"}],"wp:featuredmedia":[{"embeddable":true,"href":"https:\/\/cdnoticias.com\/index.php\/wp-json\/wp\/v2\/media\/71753"}],"wp:attachment":[{"href":"https:\/\/cdnoticias.com\/index.php\/wp-json\/wp\/v2\/media?parent=71752"}],"wp:term":[{"taxonomy":"category","embeddable":true,"href":"https:\/\/cdnoticias.com\/index.php\/wp-json\/wp\/v2\/categories?post=71752"},{"taxonomy":"post_tag","embeddable":true,"href":"https:\/\/cdnoticias.com\/index.php\/wp-json\/wp\/v2\/tags?post=71752"}],"curies":[{"name":"wp","href":"https:\/\/api.w.org\/{rel}","templated":true}]}}