{"id":71718,"date":"2022-12-04T20:06:08","date_gmt":"2022-12-04T23:06:08","guid":{"rendered":"https:\/\/www.centraldenoticias.com.ar\/?p=71718"},"modified":"2022-12-05T07:48:09","modified_gmt":"2022-12-05T10:48:09","slug":"aprehendieron-a-un-joven-por-quebrantar-medidas-cautelares-y-fugarse","status":"publish","type":"post","link":"https:\/\/cdnoticias.com\/index.php\/2022\/12\/04\/aprehendieron-a-un-joven-por-quebrantar-medidas-cautelares-y-fugarse\/","title":{"rendered":"Aprehendieron a un joven por quebrantar medidas cautelares y fugarse"},"content":{"rendered":"<p>Fue encontrado en Calle 7 y Trabajadores tras una persecuci\u00f3n y un operativo policial. Ten\u00eda medidas interpuestas por el Juzgado de Familia N\u00b01.<!--more--><\/p>\n<hr \/>\n<p>En la jornada de este domingo,<strong> un joven de 19 a\u00f1os fue aprehendido por quebrantar medidas cautelares interpuestas por el Juzgado de Familia y, adem\u00e1s, tratar de escapar del personal policial en una persecuci\u00f3n que finaliz\u00f3 en Calle 7 y Trabajadores<\/strong>, lugar donde fue apresado.<\/p>\n<p>&nbsp;<\/p>\n<p>Seg\u00fan se detall\u00f3, el personal de Comisar\u00eda Primera fue alertado de<strong> un joven que se encontraba afuera de la casa de un familiar con el que tiene prohibici\u00f3n de acercamiento, en Calle 17 al 3800.<\/strong><\/p>\n<p>&nbsp;<\/p>\n<p>Al llegar al lugar, el joven escap\u00f3 y fue perseguido durante varias cuadras, siendo interceptado en Calle 7 y Trabajadores. All\u00ed, tras identificarlo, se detect\u00f3 que<strong> hab\u00eda quebrantado medidas cautelares tales como prohibici\u00f3n de acercamiento, per\u00edmetro de exclusi\u00f3n, entre otras, interpuestas por el Juzgado de Familia N\u00b01.<\/strong><\/p>\n<p>&nbsp;<\/p>\n<p>R\u00e1pidamente<strong> fue trasladado a Comisar\u00eda Primera<\/strong> donde qued\u00f3 a disposici\u00f3n de la fiscal Viviana Beyt\u00eda, de la UFI N\u00b05 especializada en violencia familiar y de g\u00e9nero, en una causa caratulada como \u201cDesobediencia\u201d.<\/p>\n","protected":false},"excerpt":{"rendered":"<p>Fue encontrado en Calle 7 y Trabajadores tras una persecuci\u00f3n y un operativo policial. Ten\u00eda medidas interpuestas por el Juzgado<\/p>\n","protected":false},"author":5,"featured_media":71719,"comment_status":"closed","ping_status":"closed","sticky":false,"template":"","format":"standard","meta":{"_jetpack_memberships_contains_paid_content":false,"footnotes":""},"categories":[14,1],"tags":[],"class_list":["post-71718","post","type-post","status-publish","format-standard","has-post-thumbnail","hentry","category-policiales","category-portada"],"jetpack_featured_media_url":"https:\/\/i0.wp.com\/cdnoticias.com\/wp-content\/uploads\/2022\/12\/WhatsApp-Image-2022-12-04-at-18.54.53.jpeg?fit=1117%2C585&ssl=1","jetpack_sharing_enabled":true,"_links":{"self":[{"href":"https:\/\/cdnoticias.com\/index.php\/wp-json\/wp\/v2\/posts\/71718","targetHints":{"allow":["GET"]}}],"collection":[{"href":"https:\/\/cdnoticias.com\/index.php\/wp-json\/wp\/v2\/posts"}],"about":[{"href":"https:\/\/cdnoticias.com\/index.php\/wp-json\/wp\/v2\/types\/post"}],"author":[{"embeddable":true,"href":"https:\/\/cdnoticias.com\/index.php\/wp-json\/wp\/v2\/users\/5"}],"replies":[{"embeddable":true,"href":"https:\/\/cdnoticias.com\/index.php\/wp-json\/wp\/v2\/comments?post=71718"}],"version-history":[{"count":0,"href":"https:\/\/cdnoticias.com\/index.php\/wp-json\/wp\/v2\/posts\/71718\/revisions"}],"wp:featuredmedia":[{"embeddable":true,"href":"https:\/\/cdnoticias.com\/index.php\/wp-json\/wp\/v2\/media\/71719"}],"wp:attachment":[{"href":"https:\/\/cdnoticias.com\/index.php\/wp-json\/wp\/v2\/media?parent=71718"}],"wp:term":[{"taxonomy":"category","embeddable":true,"href":"https:\/\/cdnoticias.com\/index.php\/wp-json\/wp\/v2\/categories?post=71718"},{"taxonomy":"post_tag","embeddable":true,"href":"https:\/\/cdnoticias.com\/index.php\/wp-json\/wp\/v2\/tags?post=71718"}],"curies":[{"name":"wp","href":"https:\/\/api.w.org\/{rel}","templated":true}]}}