{"id":71715,"date":"2022-12-04T19:48:12","date_gmt":"2022-12-04T22:48:12","guid":{"rendered":"https:\/\/www.centraldenoticias.com.ar\/?p=71715"},"modified":"2022-12-04T19:48:12","modified_gmt":"2022-12-04T22:48:12","slug":"microcentro-un-hombre-fue-infraccionado-por-llevar-una-faca-entre-sus-prendas","status":"publish","type":"post","link":"https:\/\/cdnoticias.com\/index.php\/2022\/12\/04\/microcentro-un-hombre-fue-infraccionado-por-llevar-una-faca-entre-sus-prendas\/","title":{"rendered":"Microcentro: un hombre fue infraccionado por llevar una \u201cfaca\u201d entre sus prendas"},"content":{"rendered":"<p>Iba en estado de ebriedad y \u201cprovocando el desorden p\u00fablico\u201d.<!--more--><\/p>\n<hr \/>\n<p>En la jornada de este domingo, <strong>personal de Tr\u00e1nsito Municipal junto a Motopolic\u00edas infraccionaron a un hombre en estado de ebriedad que, adem\u00e1s, llevaba una \u201cfaca\u201d entre sus prendas de vestir.<\/strong><\/p>\n<p>&nbsp;<\/p>\n<p>El hecho se produjo en General Paz entre Vicente L\u00f3pez y Alsina, cuando el hombre estaba <strong>\u201cprovocando el desorden p\u00fablico\u201d y con una faca entre sus pertenencias requisadas.<\/strong><\/p>\n<p>&nbsp;<\/p>\n<p>A ra\u00edz de esta situaci\u00f3n, se labraron actuaciones por<strong> infraccionar el art\u00edculo 35, 43 inciso F y 72 y 74 de la Ley 8.031.<\/strong><\/p>\n","protected":false},"excerpt":{"rendered":"<p>Iba en estado de ebriedad y \u201cprovocando el desorden p\u00fablico\u201d.<\/p>\n","protected":false},"author":5,"featured_media":71716,"comment_status":"closed","ping_status":"closed","sticky":false,"template":"","format":"standard","meta":{"_jetpack_memberships_contains_paid_content":false,"footnotes":""},"categories":[14,1],"tags":[],"class_list":["post-71715","post","type-post","status-publish","format-standard","has-post-thumbnail","hentry","category-policiales","category-portada"],"jetpack_featured_media_url":"https:\/\/i0.wp.com\/cdnoticias.com\/wp-content\/uploads\/2022\/12\/WhatsApp-Image-2022-12-04-at-18.56.51-e1670194081517.jpeg?fit=1599%2C899&ssl=1","jetpack_sharing_enabled":true,"_links":{"self":[{"href":"https:\/\/cdnoticias.com\/index.php\/wp-json\/wp\/v2\/posts\/71715","targetHints":{"allow":["GET"]}}],"collection":[{"href":"https:\/\/cdnoticias.com\/index.php\/wp-json\/wp\/v2\/posts"}],"about":[{"href":"https:\/\/cdnoticias.com\/index.php\/wp-json\/wp\/v2\/types\/post"}],"author":[{"embeddable":true,"href":"https:\/\/cdnoticias.com\/index.php\/wp-json\/wp\/v2\/users\/5"}],"replies":[{"embeddable":true,"href":"https:\/\/cdnoticias.com\/index.php\/wp-json\/wp\/v2\/comments?post=71715"}],"version-history":[{"count":0,"href":"https:\/\/cdnoticias.com\/index.php\/wp-json\/wp\/v2\/posts\/71715\/revisions"}],"wp:featuredmedia":[{"embeddable":true,"href":"https:\/\/cdnoticias.com\/index.php\/wp-json\/wp\/v2\/media\/71716"}],"wp:attachment":[{"href":"https:\/\/cdnoticias.com\/index.php\/wp-json\/wp\/v2\/media?parent=71715"}],"wp:term":[{"taxonomy":"category","embeddable":true,"href":"https:\/\/cdnoticias.com\/index.php\/wp-json\/wp\/v2\/categories?post=71715"},{"taxonomy":"post_tag","embeddable":true,"href":"https:\/\/cdnoticias.com\/index.php\/wp-json\/wp\/v2\/tags?post=71715"}],"curies":[{"name":"wp","href":"https:\/\/api.w.org\/{rel}","templated":true}]}}