{"id":71661,"date":"2022-12-04T09:19:07","date_gmt":"2022-12-04T12:19:07","guid":{"rendered":"https:\/\/www.centraldenoticias.com.ar\/?p=71661"},"modified":"2022-12-04T09:19:07","modified_gmt":"2022-12-04T12:19:07","slug":"larreta-en-hurlingham-siento-el-miedo-de-los-vecinos-pero-estoy-convencido-que-se-puede-mejorar","status":"publish","type":"post","link":"https:\/\/cdnoticias.com\/index.php\/2022\/12\/04\/larreta-en-hurlingham-siento-el-miedo-de-los-vecinos-pero-estoy-convencido-que-se-puede-mejorar\/","title":{"rendered":"Larreta en Hurlingham: \u201cSiento el miedo de los vecinos, pero estoy convencido que se puede mejorar\u201d"},"content":{"rendered":"<p>As\u00ed lo expres\u00f3 el jefe de Gobierno de la Ciudad de Buenos Aires en una recorrida por la localidad.<!--more--><\/p>\n<hr \/>\n<p>El jefe de Gobierno de la Ciudad de Buenos Aires, Horacio Rodr\u00edguez Larreta, recorri\u00f3 <strong>Hurlingham<\/strong> junto al concejal Lucas Delfino y a la diputada nacional de Juntos por el Cambio, Silvia Lospennato.<\/p>\n<p>&nbsp;<\/p>\n<p>Los referentes<strong> se reunieron con m\u00e1s de 50 vecinos<\/strong> preocupados por el alt\u00edsimo nivel de inseguridad que afecta a esa localidad bonaerense.<\/p>\n<p>&nbsp;<\/p>\n<p>\u201c<strong>Me dicen que la inseguridad est\u00e1 terrible.<\/strong> Es el tema que m\u00e1s les preocupa y yo los entiendo porque la situaci\u00f3n es desesperante. Hace una semana secuestraron a un carnicero y hace tres d\u00edas entraron a robar a una casa disfrazados de polic\u00edas\u201d, cont\u00f3 Rodr\u00edguez Larreta, al retirarse de la cafeter\u00eda donde transcurri\u00f3 el encuentro.<\/p>\n<p>&nbsp;<\/p>\n<p><strong>\u201cSiento el miedo de los vecinos, pero estoy convencido que se puede mejorar\u201d<\/strong>, recalc\u00f3 el mandatario, quien explic\u00f3 que \u201ccon un buen trabajo, con el plan que est\u00e1 llevando adelante Lucas Delfino y un m\u00e9todo a largo plazo\u201d, la problem\u00e1tica se puede revertir. \u201cEsa es la confianza que tengo y es lo que les transmit\u00ed a los vecinos de Hurlingham\u201d, concluy\u00f3.<\/p>\n<p>&nbsp;<\/p>\n<p><img data-recalc-dims=\"1\" loading=\"lazy\" decoding=\"async\" class=\"aligncenter size-full wp-image-71664\" src=\"https:\/\/i0.wp.com\/cdnoticias.com\/wp-content\/uploads\/2022\/12\/WhatsApp-Image-2022-12-03-at-14.35.53.jpeg?resize=800%2C534&#038;ssl=1\" alt=\"\" width=\"800\" height=\"534\" srcset=\"https:\/\/i0.wp.com\/cdnoticias.com\/wp-content\/uploads\/2022\/12\/WhatsApp-Image-2022-12-03-at-14.35.53.jpeg?w=1600&amp;ssl=1 1600w, https:\/\/i0.wp.com\/cdnoticias.com\/wp-content\/uploads\/2022\/12\/WhatsApp-Image-2022-12-03-at-14.35.53.jpeg?resize=300%2C200&amp;ssl=1 300w, https:\/\/i0.wp.com\/cdnoticias.com\/wp-content\/uploads\/2022\/12\/WhatsApp-Image-2022-12-03-at-14.35.53.jpeg?resize=1024%2C683&amp;ssl=1 1024w, https:\/\/i0.wp.com\/cdnoticias.com\/wp-content\/uploads\/2022\/12\/WhatsApp-Image-2022-12-03-at-14.35.53.jpeg?resize=768%2C512&amp;ssl=1 768w, https:\/\/i0.wp.com\/cdnoticias.com\/wp-content\/uploads\/2022\/12\/WhatsApp-Image-2022-12-03-at-14.35.53.jpeg?resize=1536%2C1024&amp;ssl=1 1536w, https:\/\/i0.wp.com\/cdnoticias.com\/wp-content\/uploads\/2022\/12\/WhatsApp-Image-2022-12-03-at-14.35.53.jpeg?resize=272%2C182&amp;ssl=1 272w\" sizes=\"auto, (max-width: 800px) 100vw, 800px\" \/><\/p>\n<p>&nbsp;<\/p>\n<p>Por su parte, <strong>Delfino<\/strong>, afirm\u00f3: \u201cHurlingham sigue preso de las <strong>disputas pol\u00edticas entre el Kirchnerismo y el peronismo<\/strong> y, lamentablemente, esta localidad est\u00e1 cada vez m\u00e1s abandonada. Lo mismo que le pasa a los ciudadanos de toda la Argentina, le ocurre a los vecinos de Hurlingham\u201d.<\/p>\n<p>&nbsp;<\/p>\n<p>No obstante, el concejal de JxC en la primera secci\u00f3n electoral dijo que est\u00e1n \u201ctrabajando para construir una alternativa superadora que reemplace al espacio pol\u00edtico que gobierna ese partido hace 28 a\u00f1os\u201d y que no se quieren \u201cresignar\u201d. <strong>\u201cNo queremos que la gente se vaya de ac\u00e1 as\u00ed que vamos con todo el a\u00f1o que viene\u201d<\/strong>, asegur\u00f3.<\/p>\n<p>&nbsp;<\/p>\n<p>Rodr\u00edguez Larreta tambi\u00e9n camin\u00f3 por el centro de la <strong>localidad de William Morris<\/strong>, donde habl\u00f3 con comerciantes sobre la situaci\u00f3n de la zona.<\/p>\n<p>&nbsp;<\/p>\n<p>Adem\u00e1s, mantuvo un encuentro con las due\u00f1as del emprendimiento de pasteler\u00eda \u201cOma Mitzi\u201d. Guillermina y Candela estudiaron en Francia pero decidieron volver para apostar a pa\u00eds. Hoy quieren abrir un local a la calle, pero no lo hacen por miedo a la inseguridad.<\/p>\n","protected":false},"excerpt":{"rendered":"<p>As\u00ed lo expres\u00f3 el jefe de Gobierno de la Ciudad de Buenos Aires en una recorrida por la localidad.<\/p>\n","protected":false},"author":5,"featured_media":71665,"comment_status":"closed","ping_status":"closed","sticky":false,"template":"","format":"standard","meta":{"_jetpack_memberships_contains_paid_content":false,"footnotes":""},"categories":[6],"tags":[],"class_list":["post-71661","post","type-post","status-publish","format-standard","has-post-thumbnail","hentry","category-nacionales"],"jetpack_featured_media_url":"https:\/\/i0.wp.com\/cdnoticias.com\/wp-content\/uploads\/2022\/12\/WhatsApp-Image-2022-12-03-at-14.35.47.jpeg?fit=1600%2C1067&ssl=1","jetpack_sharing_enabled":true,"_links":{"self":[{"href":"https:\/\/cdnoticias.com\/index.php\/wp-json\/wp\/v2\/posts\/71661","targetHints":{"allow":["GET"]}}],"collection":[{"href":"https:\/\/cdnoticias.com\/index.php\/wp-json\/wp\/v2\/posts"}],"about":[{"href":"https:\/\/cdnoticias.com\/index.php\/wp-json\/wp\/v2\/types\/post"}],"author":[{"embeddable":true,"href":"https:\/\/cdnoticias.com\/index.php\/wp-json\/wp\/v2\/users\/5"}],"replies":[{"embeddable":true,"href":"https:\/\/cdnoticias.com\/index.php\/wp-json\/wp\/v2\/comments?post=71661"}],"version-history":[{"count":0,"href":"https:\/\/cdnoticias.com\/index.php\/wp-json\/wp\/v2\/posts\/71661\/revisions"}],"wp:featuredmedia":[{"embeddable":true,"href":"https:\/\/cdnoticias.com\/index.php\/wp-json\/wp\/v2\/media\/71665"}],"wp:attachment":[{"href":"https:\/\/cdnoticias.com\/index.php\/wp-json\/wp\/v2\/media?parent=71661"}],"wp:term":[{"taxonomy":"category","embeddable":true,"href":"https:\/\/cdnoticias.com\/index.php\/wp-json\/wp\/v2\/categories?post=71661"},{"taxonomy":"post_tag","embeddable":true,"href":"https:\/\/cdnoticias.com\/index.php\/wp-json\/wp\/v2\/tags?post=71661"}],"curies":[{"name":"wp","href":"https:\/\/api.w.org\/{rel}","templated":true}]}}