{"id":71639,"date":"2022-12-03T15:19:36","date_gmt":"2022-12-03T18:19:36","guid":{"rendered":"https:\/\/www.centraldenoticias.com.ar\/?p=71639"},"modified":"2022-12-03T15:19:36","modified_gmt":"2022-12-03T18:19:36","slug":"juan-mujica-es-un-presupuesto-prometedor-de-un-gran-2023","status":"publish","type":"post","link":"https:\/\/cdnoticias.com\/index.php\/2022\/12\/03\/juan-mujica-es-un-presupuesto-prometedor-de-un-gran-2023\/","title":{"rendered":"Juan Mujica: \u201cEs un Presupuesto prometedor de un gran 2023\u201d"},"content":{"rendered":"<p>El concejal de Juntos destac\u00f3 el desarrollo industrial, la revalorizaci\u00f3n del espacio p\u00fablico y el incremento en la inversi\u00f3n \u201cen la medida en que el contexto del pa\u00eds acompa\u00f1e\u201d.<!--more--><\/p>\n<hr \/>\n<p>El concejal del bloque Juntos, Juan Mujica, destac\u00f3 diferentes puntos de inter\u00e9s del <a href=\"https:\/\/cdnoticias.com\/index.php\/2022\/11\/30\/galli-presento-el-presupuesto-2023-por-casi-19-mil-millones-de-pesos\/\" target=\"_blank\" rel=\"noopener\">Presupuesto 2023 presentado por el intendente Ezequiel Galli en el Honorable Concejo Deliberante<\/a> el pasado mi\u00e9rcoles 30 de noviembre. Dichos puntos se alinean a la<a href=\"https:\/\/cdnoticias.com\/index.php\/2022\/12\/01\/buscan-eliminar-tasas-para-fomentar-el-comercio-y-la-industria\/\" target=\"_blank\" rel=\"noopener\"> eliminaci\u00f3n de 20 tasas municipales<\/a> para el fomento del sector productivo local, medida anunciada este jueves desde el Municipio.<\/p>\n<p>&nbsp;<\/p>\n<blockquote><p>El Presupuesto para el 2023 ronda los 19 mil millones de pesos, con una inversi\u00f3n cercana al 13%, superando en 3 puntos la estimaci\u00f3n del \u00faltimo a\u00f1o.<\/p><\/blockquote>\n<p>&nbsp;<\/p>\n<p>Mujica detall\u00f3 que se destinar\u00e1n m\u00e1s de<strong> 530 millones de pesos al sector educativo<\/strong>, con la intervenci\u00f3n en m\u00e1s de 20 instituciones de todos los niveles. En la inversi\u00f3n est\u00e1n incluidas las obras de finalizaci\u00f3n del edificio del Instituto de Formaci\u00f3n Docente N\u00b0 47, y del edificio nuevo de Artes Visuales, reformas en jardines, escuelas y centros de educaci\u00f3n f\u00edsica y la construcci\u00f3n de nuevos establecimientos para el Jard\u00edn 922, 929 y Escuela Secundaria N\u00b0 22.<\/p>\n<p>&nbsp;<\/p>\n<p>Asimismo, sobre la <strong>inversi\u00f3n en parques industriales<\/strong> -la que superar\u00e1 los 200 millones de pesos- el edil puso en consideraci\u00f3n las obras de hidr\u00e1ulica que se proyectan para la Zona de Log\u00edstica y de Servicios Olavarr\u00eda (ZALO) y el Sector Industrial Planificado de granos (SIP). <strong>\u201cEl 10% de las obras est\u00e1n destinadas al desarrollo industrial olavarriense\u201d<\/strong>, resalt\u00f3 Mujica.<\/p>\n<p>&nbsp;<\/p>\n<p>Por otro lado, \u201cla revalorizaci\u00f3n del espacio p\u00fablico tambi\u00e9n refiere a un Presupuesto audaz y ejecutable, para alegr\u00eda de todos los vecinos, <strong>en la medida que el contexto a nivel pa\u00eds acompa\u00f1e<\/strong>\u201d.<\/p>\n","protected":false},"excerpt":{"rendered":"<p>El concejal de Juntos destac\u00f3 el desarrollo industrial, la revalorizaci\u00f3n del espacio p\u00fablico y el incremento en la inversi\u00f3n \u201cen<\/p>\n","protected":false},"author":5,"featured_media":68438,"comment_status":"closed","ping_status":"closed","sticky":false,"template":"","format":"standard","meta":{"_jetpack_memberships_contains_paid_content":false,"footnotes":""},"categories":[4,1],"tags":[],"class_list":["post-71639","post","type-post","status-publish","format-standard","has-post-thumbnail","hentry","category-politica","category-portada"],"jetpack_featured_media_url":"https:\/\/i0.wp.com\/cdnoticias.com\/wp-content\/uploads\/2022\/10\/HCD-juan-mujica.jpg?fit=800%2C445&ssl=1","jetpack_sharing_enabled":true,"_links":{"self":[{"href":"https:\/\/cdnoticias.com\/index.php\/wp-json\/wp\/v2\/posts\/71639","targetHints":{"allow":["GET"]}}],"collection":[{"href":"https:\/\/cdnoticias.com\/index.php\/wp-json\/wp\/v2\/posts"}],"about":[{"href":"https:\/\/cdnoticias.com\/index.php\/wp-json\/wp\/v2\/types\/post"}],"author":[{"embeddable":true,"href":"https:\/\/cdnoticias.com\/index.php\/wp-json\/wp\/v2\/users\/5"}],"replies":[{"embeddable":true,"href":"https:\/\/cdnoticias.com\/index.php\/wp-json\/wp\/v2\/comments?post=71639"}],"version-history":[{"count":0,"href":"https:\/\/cdnoticias.com\/index.php\/wp-json\/wp\/v2\/posts\/71639\/revisions"}],"wp:featuredmedia":[{"embeddable":true,"href":"https:\/\/cdnoticias.com\/index.php\/wp-json\/wp\/v2\/media\/68438"}],"wp:attachment":[{"href":"https:\/\/cdnoticias.com\/index.php\/wp-json\/wp\/v2\/media?parent=71639"}],"wp:term":[{"taxonomy":"category","embeddable":true,"href":"https:\/\/cdnoticias.com\/index.php\/wp-json\/wp\/v2\/categories?post=71639"},{"taxonomy":"post_tag","embeddable":true,"href":"https:\/\/cdnoticias.com\/index.php\/wp-json\/wp\/v2\/tags?post=71639"}],"curies":[{"name":"wp","href":"https:\/\/api.w.org\/{rel}","templated":true}]}}