{"id":71628,"date":"2022-12-03T11:22:54","date_gmt":"2022-12-03T14:22:54","guid":{"rendered":"https:\/\/www.centraldenoticias.com.ar\/?p=71628"},"modified":"2022-12-03T13:08:08","modified_gmt":"2022-12-03T16:08:08","slug":"con-buena-convocatoria-se-realiza-el-estado-cerca-tuyo","status":"publish","type":"post","link":"https:\/\/cdnoticias.com\/index.php\/2022\/12\/03\/con-buena-convocatoria-se-realiza-el-estado-cerca-tuyo\/","title":{"rendered":"Con buena convocatoria, se realiza \u201cEl Estado Cerca Tuyo\u201d"},"content":{"rendered":"<p>El importante operativo se instal\u00f3 en San Mart\u00edn y Jun\u00edn y estar\u00e1 hasta las 13:00 horas. Se podr\u00e1 vacunar contra el COVID y tambi\u00e9n se encuentra presente la Direcci\u00f3n Nacional de Migraciones. <!--more--><\/p>\n<hr \/>\n<p>Desde las 10:00 horas de este s\u00e1bado<strong>, un nuevo operativo de \u201cEl Estado Cerca Tuyo\u201d se realiza en el cruce de San Mart\u00edn y Jun\u00edn con importante convocatoria<\/strong> y la oportunidad de realizar varios tr\u00e1mites de organismos nacionales y provinciales.<\/p>\n<p>&nbsp;<\/p>\n<p><img data-recalc-dims=\"1\" loading=\"lazy\" decoding=\"async\" class=\"alignnone size-large wp-image-71631\" src=\"https:\/\/i0.wp.com\/cdnoticias.com\/wp-content\/uploads\/2022\/12\/estado-cerca-tuyo2.jpg?resize=800%2C445&#038;ssl=1\" alt=\"\" width=\"800\" height=\"445\" srcset=\"https:\/\/i0.wp.com\/cdnoticias.com\/wp-content\/uploads\/2022\/12\/estado-cerca-tuyo2.jpg?resize=1024%2C570&amp;ssl=1 1024w, https:\/\/i0.wp.com\/cdnoticias.com\/wp-content\/uploads\/2022\/12\/estado-cerca-tuyo2.jpg?resize=300%2C167&amp;ssl=1 300w, https:\/\/i0.wp.com\/cdnoticias.com\/wp-content\/uploads\/2022\/12\/estado-cerca-tuyo2.jpg?resize=768%2C427&amp;ssl=1 768w, https:\/\/i0.wp.com\/cdnoticias.com\/wp-content\/uploads\/2022\/12\/estado-cerca-tuyo2.jpg?resize=1536%2C854&amp;ssl=1 1536w, https:\/\/i0.wp.com\/cdnoticias.com\/wp-content\/uploads\/2022\/12\/estado-cerca-tuyo2.jpg?resize=800%2C445&amp;ssl=1 800w, https:\/\/i0.wp.com\/cdnoticias.com\/wp-content\/uploads\/2022\/12\/estado-cerca-tuyo2.jpg?w=1600&amp;ssl=1 1600w\" sizes=\"auto, (max-width: 800px) 100vw, 800px\" \/><\/p>\n<p>&nbsp;<\/p>\n<blockquote><p>Teniendo en cuenta que<a href=\"https:\/\/cdnoticias.com\/index.php\/2022\/12\/03\/informaron-que-se-agotaron-las-dosis-contra-el-covid-para-adultos\/\" target=\"_blank\" rel=\"noopener\"> se agotaron las dosis de la vacuna contra el COVID en centros de vacunaci\u00f3n municipales<\/a>, se aclar\u00f3 que<strong> hasta las 13:00 se podr\u00e1n aplicar dosis en ese lugar, dado que hay disponibilidad.<\/strong><\/p><\/blockquote>\n<p>&nbsp;<\/p>\n<p>Adem\u00e1s, se realiza una<strong> charla informativa para Trabajadoras de Casas Particulares a cargo del Ministerio de Trabajo<\/strong>, campa\u00f1a de vacunaci\u00f3n contra el Sarampi\u00f3n, promoci\u00f3n por la Semana del HIV, campa\u00f1a de prevenci\u00f3n del c\u00e1ncer de Cuello uterino\/turnos PAP y medici\u00f3n de la presi\u00f3n arterial y glucemia.<\/p>\n<p>&nbsp;<\/p>\n<p><img data-recalc-dims=\"1\" loading=\"lazy\" decoding=\"async\" class=\"alignnone size-large wp-image-71630\" src=\"https:\/\/i0.wp.com\/cdnoticias.com\/wp-content\/uploads\/2022\/12\/estado-cerca-tuyo1.jpg?resize=800%2C445&#038;ssl=1\" alt=\"\" width=\"800\" height=\"445\" srcset=\"https:\/\/i0.wp.com\/cdnoticias.com\/wp-content\/uploads\/2022\/12\/estado-cerca-tuyo1.jpg?resize=1024%2C570&amp;ssl=1 1024w, https:\/\/i0.wp.com\/cdnoticias.com\/wp-content\/uploads\/2022\/12\/estado-cerca-tuyo1.jpg?resize=300%2C167&amp;ssl=1 300w, https:\/\/i0.wp.com\/cdnoticias.com\/wp-content\/uploads\/2022\/12\/estado-cerca-tuyo1.jpg?resize=768%2C427&amp;ssl=1 768w, https:\/\/i0.wp.com\/cdnoticias.com\/wp-content\/uploads\/2022\/12\/estado-cerca-tuyo1.jpg?resize=1536%2C854&amp;ssl=1 1536w, https:\/\/i0.wp.com\/cdnoticias.com\/wp-content\/uploads\/2022\/12\/estado-cerca-tuyo1.jpg?resize=800%2C445&amp;ssl=1 800w, https:\/\/i0.wp.com\/cdnoticias.com\/wp-content\/uploads\/2022\/12\/estado-cerca-tuyo1.jpg?w=1600&amp;ssl=1 1600w\" sizes=\"auto, (max-width: 800px) 100vw, 800px\" \/><\/p>\n<p>&nbsp;<\/p>\n<p>Desde la <strong>Direcci\u00f3n Nacional de Migraciones, por su parte, se encuentran llevando adelante un abordaje territorial<\/strong> donde todas las personas que se acerquen podr\u00e1n acceder gratuitamente a tr\u00e1mites de radicaciones, iniciar cambios de categor\u00eda (Temporaria a Permanente), emitir y renovar certificados de Residencia Precarias, resolver solicitudes de residencias y consulta de estado de tr\u00e1mites de Radicaci\u00f3n ya iniciados.<\/p>\n<p>&nbsp;<\/p>\n<p><img data-recalc-dims=\"1\" loading=\"lazy\" decoding=\"async\" class=\"alignnone size-large wp-image-71629\" src=\"https:\/\/i0.wp.com\/cdnoticias.com\/wp-content\/uploads\/2022\/12\/estado-cerca-tuyo.jpg?resize=800%2C445&#038;ssl=1\" alt=\"\" width=\"800\" height=\"445\" srcset=\"https:\/\/i0.wp.com\/cdnoticias.com\/wp-content\/uploads\/2022\/12\/estado-cerca-tuyo.jpg?resize=1024%2C570&amp;ssl=1 1024w, https:\/\/i0.wp.com\/cdnoticias.com\/wp-content\/uploads\/2022\/12\/estado-cerca-tuyo.jpg?resize=300%2C167&amp;ssl=1 300w, https:\/\/i0.wp.com\/cdnoticias.com\/wp-content\/uploads\/2022\/12\/estado-cerca-tuyo.jpg?resize=768%2C427&amp;ssl=1 768w, https:\/\/i0.wp.com\/cdnoticias.com\/wp-content\/uploads\/2022\/12\/estado-cerca-tuyo.jpg?resize=1536%2C854&amp;ssl=1 1536w, https:\/\/i0.wp.com\/cdnoticias.com\/wp-content\/uploads\/2022\/12\/estado-cerca-tuyo.jpg?resize=800%2C445&amp;ssl=1 800w, https:\/\/i0.wp.com\/cdnoticias.com\/wp-content\/uploads\/2022\/12\/estado-cerca-tuyo.jpg?w=1600&amp;ssl=1 1600w\" sizes=\"auto, (max-width: 800px) 100vw, 800px\" \/><\/p>\n<p>&nbsp;<\/p>\n<p>Asimismo, de la jornada participar\u00e1n representantes de las oficinas locales de ANSES, Regi\u00f3n Sanitaria IX, Hospital Provincial de Oncolog\u00eda, Ministerio de Trabajo PBA, Acceso a la Justicia, Desarrollo Social de Naci\u00f3n, FINES, Registro Provincial y Nacional de las Personas, Jefatura Distrital de Educaci\u00f3n, PAMI, IOMA, Ministerio de Mujeres PBA, Sedronar\/Red Puentes, Inadi, Instituto de Previsi\u00f3n Social (IPS), INAES y CNRT.<\/p>\n<p>&nbsp;<\/p>\n<p><strong>La propuesta es abierta a la comunidad y no hay que sacar turno<\/strong>, es por orden de llegada, quienes asistan ser\u00e1n asesorados para concretar diferentes tr\u00e1mites, consultas y acceder a todas las propuestas.<\/p>\n","protected":false},"excerpt":{"rendered":"<p>El importante operativo se instal\u00f3 en San Mart\u00edn y Jun\u00edn y estar\u00e1 hasta las 13:00 horas. Se podr\u00e1 vacunar contra<\/p>\n","protected":false},"author":2,"featured_media":71632,"comment_status":"closed","ping_status":"closed","sticky":false,"template":"","format":"standard","meta":{"_jetpack_memberships_contains_paid_content":false,"footnotes":""},"categories":[5,1],"tags":[],"class_list":["post-71628","post","type-post","status-publish","format-standard","has-post-thumbnail","hentry","category-informacion-general","category-portada"],"jetpack_featured_media_url":"https:\/\/i0.wp.com\/cdnoticias.com\/wp-content\/uploads\/2022\/12\/estado-cerca-tuyo3.jpg?fit=1600%2C890&ssl=1","jetpack_sharing_enabled":true,"_links":{"self":[{"href":"https:\/\/cdnoticias.com\/index.php\/wp-json\/wp\/v2\/posts\/71628","targetHints":{"allow":["GET"]}}],"collection":[{"href":"https:\/\/cdnoticias.com\/index.php\/wp-json\/wp\/v2\/posts"}],"about":[{"href":"https:\/\/cdnoticias.com\/index.php\/wp-json\/wp\/v2\/types\/post"}],"author":[{"embeddable":true,"href":"https:\/\/cdnoticias.com\/index.php\/wp-json\/wp\/v2\/users\/2"}],"replies":[{"embeddable":true,"href":"https:\/\/cdnoticias.com\/index.php\/wp-json\/wp\/v2\/comments?post=71628"}],"version-history":[{"count":0,"href":"https:\/\/cdnoticias.com\/index.php\/wp-json\/wp\/v2\/posts\/71628\/revisions"}],"wp:featuredmedia":[{"embeddable":true,"href":"https:\/\/cdnoticias.com\/index.php\/wp-json\/wp\/v2\/media\/71632"}],"wp:attachment":[{"href":"https:\/\/cdnoticias.com\/index.php\/wp-json\/wp\/v2\/media?parent=71628"}],"wp:term":[{"taxonomy":"category","embeddable":true,"href":"https:\/\/cdnoticias.com\/index.php\/wp-json\/wp\/v2\/categories?post=71628"},{"taxonomy":"post_tag","embeddable":true,"href":"https:\/\/cdnoticias.com\/index.php\/wp-json\/wp\/v2\/tags?post=71628"}],"curies":[{"name":"wp","href":"https:\/\/api.w.org\/{rel}","templated":true}]}}