{"id":71624,"date":"2022-12-03T11:06:49","date_gmt":"2022-12-03T14:06:49","guid":{"rendered":"https:\/\/www.centraldenoticias.com.ar\/?p=71624"},"modified":"2022-12-03T11:06:49","modified_gmt":"2022-12-03T14:06:49","slug":"ruta-3-dos-heridos-en-un-violento-vuelco","status":"publish","type":"post","link":"https:\/\/cdnoticias.com\/index.php\/2022\/12\/03\/ruta-3-dos-heridos-en-un-violento-vuelco\/","title":{"rendered":"Ruta 3: dos heridos en un violento vuelco"},"content":{"rendered":"<p>El hecho se produjo en el kil\u00f3metro 306 de la ruta nacional. La camioneta en la que se trasladaban dos personas se despist\u00f3 y volcaron. <!--more--><\/p>\n<hr \/>\n<p>En la jornada de este viernes, <strong>dos personas debieron ser trasladadas al Hospital Pintos de Azul tras el violento vuelco de su camioneta en la ruta nacional N\u00b03.<\/strong><\/p>\n<p>&nbsp;<\/p>\n<p>Seg\u00fan se logr\u00f3 saber,<strong> una camioneta Ford EcoSport despist\u00f3 y volc\u00f3 a la altura del kil\u00f3metro 306 de la ruta<\/strong>, quedando a la vera del camino.<\/p>\n<p>&nbsp;<\/p>\n<p><img data-recalc-dims=\"1\" loading=\"lazy\" decoding=\"async\" class=\"alignnone size-large wp-image-71626\" src=\"https:\/\/i0.wp.com\/cdnoticias.com\/wp-content\/uploads\/2022\/12\/choque-eco2-1024x726.jpg?resize=800%2C567&#038;ssl=1\" alt=\"\" width=\"800\" height=\"567\" srcset=\"https:\/\/i0.wp.com\/cdnoticias.com\/wp-content\/uploads\/2022\/12\/choque-eco2.jpg?resize=1024%2C726&amp;ssl=1 1024w, https:\/\/i0.wp.com\/cdnoticias.com\/wp-content\/uploads\/2022\/12\/choque-eco2.jpg?resize=300%2C213&amp;ssl=1 300w, https:\/\/i0.wp.com\/cdnoticias.com\/wp-content\/uploads\/2022\/12\/choque-eco2.jpg?resize=768%2C545&amp;ssl=1 768w, https:\/\/i0.wp.com\/cdnoticias.com\/wp-content\/uploads\/2022\/12\/choque-eco2.jpg?w=1179&amp;ssl=1 1179w\" sizes=\"auto, (max-width: 800px) 100vw, 800px\" \/><\/p>\n<p>&nbsp;<\/p>\n<p><strong>Los dos ocupantes de la camioneta debieron ser trasladados al Hospital Municipal de Azul<\/strong>, aunque afortunadamente sus heridas fueron de car\u00e1cter leve.<\/p>\n<p>&nbsp;<\/p>\n<p>Trabajaron en el lugar del hecho agentes de peajes \u201cCorredores viales\u201d, polic\u00edas de Vial Azul, y m\u00e9dicos de ambulancia del Same.<\/p>\n<p>&nbsp;<\/p>\n<p><strong><em>Foto e informaci\u00f3n: gentileza Noticias de Azul<\/em><\/strong><\/p>\n","protected":false},"excerpt":{"rendered":"<p>El hecho se produjo en el kil\u00f3metro 306 de la ruta nacional. La camioneta en la que se trasladaban dos<\/p>\n","protected":false},"author":2,"featured_media":71625,"comment_status":"closed","ping_status":"closed","sticky":false,"template":"","format":"standard","meta":{"_jetpack_memberships_contains_paid_content":false,"footnotes":""},"categories":[14,1],"tags":[],"class_list":["post-71624","post","type-post","status-publish","format-standard","has-post-thumbnail","hentry","category-policiales","category-portada"],"jetpack_featured_media_url":"https:\/\/i0.wp.com\/cdnoticias.com\/wp-content\/uploads\/2022\/12\/choque-eco1.jpg?fit=1179%2C839&ssl=1","jetpack_sharing_enabled":true,"_links":{"self":[{"href":"https:\/\/cdnoticias.com\/index.php\/wp-json\/wp\/v2\/posts\/71624","targetHints":{"allow":["GET"]}}],"collection":[{"href":"https:\/\/cdnoticias.com\/index.php\/wp-json\/wp\/v2\/posts"}],"about":[{"href":"https:\/\/cdnoticias.com\/index.php\/wp-json\/wp\/v2\/types\/post"}],"author":[{"embeddable":true,"href":"https:\/\/cdnoticias.com\/index.php\/wp-json\/wp\/v2\/users\/2"}],"replies":[{"embeddable":true,"href":"https:\/\/cdnoticias.com\/index.php\/wp-json\/wp\/v2\/comments?post=71624"}],"version-history":[{"count":0,"href":"https:\/\/cdnoticias.com\/index.php\/wp-json\/wp\/v2\/posts\/71624\/revisions"}],"wp:featuredmedia":[{"embeddable":true,"href":"https:\/\/cdnoticias.com\/index.php\/wp-json\/wp\/v2\/media\/71625"}],"wp:attachment":[{"href":"https:\/\/cdnoticias.com\/index.php\/wp-json\/wp\/v2\/media?parent=71624"}],"wp:term":[{"taxonomy":"category","embeddable":true,"href":"https:\/\/cdnoticias.com\/index.php\/wp-json\/wp\/v2\/categories?post=71624"},{"taxonomy":"post_tag","embeddable":true,"href":"https:\/\/cdnoticias.com\/index.php\/wp-json\/wp\/v2\/tags?post=71624"}],"curies":[{"name":"wp","href":"https:\/\/api.w.org\/{rel}","templated":true}]}}