{"id":71620,"date":"2022-12-03T10:04:40","date_gmt":"2022-12-03T13:04:40","guid":{"rendered":"https:\/\/www.centraldenoticias.com.ar\/?p=71620"},"modified":"2022-12-03T10:04:40","modified_gmt":"2022-12-03T13:04:40","slug":"esmilda-de-zouza-viuda-de-gouveia-rosa-rosita-q-e-p-d","status":"publish","type":"post","link":"https:\/\/cdnoticias.com\/index.php\/2022\/12\/03\/esmilda-de-zouza-viuda-de-gouveia-rosa-rosita-q-e-p-d\/","title":{"rendered":"Esmilda De Zouza viuda de Gouveia Rosa &#8220;Rosita&#8221; (Q.E.P.D.)"},"content":{"rendered":"<p>Falleci\u00f3 en Olavarr\u00eda el d\u00eda 3 de diciembre de 2022 a los 95 a\u00f1os. Sus hijos Ana y Carlos Gouveia Rosa. Sus nietos Silvina, Laura, Mariana, Esteban, H\u00e9ctor, Mauricio, Natalia, Jimena, Juliana, Jorge, Kevin. Sus bisnietos Agustina, Ramiro, Nicol\u00e1s, Candela, Mateo, Martina, Augusto, Luc\u00eda, Uma, Loana, Julieta y Luciano. Sus tataranietos Melisa y Felipe. Sus sobrinos. Sus sobrinos pol\u00edticos y dem\u00e1s deudos participan su fallecimiento.<\/p>\n<p>&nbsp;<\/p>\n<p>Sus restos ser\u00e1n velados en la Sala de Espa\u00f1a 2942 departamento \u201cB\u201d e inhumados en el Cementerio Loma de Paz, previo responso en la Capilla Ardiente, este s\u00e1bado a las 14:30 horas. Servicio adherido a Coopelectric.<\/p>\n<p>&nbsp;<\/p>\n<p>Nacida en Olavarr\u00eda, vecina de barrio Luj\u00e1n, jubilada y pensionada.<\/p>\n","protected":false},"excerpt":{"rendered":"<p>Falleci\u00f3 en Olavarr\u00eda el d\u00eda 3 de diciembre de 2022 a los 95 a\u00f1os. Sus hijos Ana y Carlos Gouveia<\/p>\n","protected":false},"author":2,"featured_media":67646,"comment_status":"closed","ping_status":"closed","sticky":false,"template":"","format":"standard","meta":{"_jetpack_memberships_contains_paid_content":false,"footnotes":""},"categories":[10],"tags":[],"class_list":["post-71620","post","type-post","status-publish","format-standard","has-post-thumbnail","hentry","category-necrologicas"],"jetpack_featured_media_url":"https:\/\/i0.wp.com\/cdnoticias.com\/wp-content\/uploads\/2022\/10\/necrologicas-390-x-240.jpg?fit=390%2C240&ssl=1","jetpack_sharing_enabled":true,"_links":{"self":[{"href":"https:\/\/cdnoticias.com\/index.php\/wp-json\/wp\/v2\/posts\/71620","targetHints":{"allow":["GET"]}}],"collection":[{"href":"https:\/\/cdnoticias.com\/index.php\/wp-json\/wp\/v2\/posts"}],"about":[{"href":"https:\/\/cdnoticias.com\/index.php\/wp-json\/wp\/v2\/types\/post"}],"author":[{"embeddable":true,"href":"https:\/\/cdnoticias.com\/index.php\/wp-json\/wp\/v2\/users\/2"}],"replies":[{"embeddable":true,"href":"https:\/\/cdnoticias.com\/index.php\/wp-json\/wp\/v2\/comments?post=71620"}],"version-history":[{"count":0,"href":"https:\/\/cdnoticias.com\/index.php\/wp-json\/wp\/v2\/posts\/71620\/revisions"}],"wp:featuredmedia":[{"embeddable":true,"href":"https:\/\/cdnoticias.com\/index.php\/wp-json\/wp\/v2\/media\/67646"}],"wp:attachment":[{"href":"https:\/\/cdnoticias.com\/index.php\/wp-json\/wp\/v2\/media?parent=71620"}],"wp:term":[{"taxonomy":"category","embeddable":true,"href":"https:\/\/cdnoticias.com\/index.php\/wp-json\/wp\/v2\/categories?post=71620"},{"taxonomy":"post_tag","embeddable":true,"href":"https:\/\/cdnoticias.com\/index.php\/wp-json\/wp\/v2\/tags?post=71620"}],"curies":[{"name":"wp","href":"https:\/\/api.w.org\/{rel}","templated":true}]}}