{"id":716,"date":"2020-09-03T20:54:44","date_gmt":"2020-09-03T23:54:44","guid":{"rendered":"http:\/\/www.centraldenoticias.com.ar\/?p=716"},"modified":"2020-09-03T20:54:44","modified_gmt":"2020-09-03T23:54:44","slug":"las-amenazas-a-sergio-massa-y-su-familia-constituyen-un-hecho-grave-para-la-republica","status":"publish","type":"post","link":"https:\/\/cdnoticias.com\/index.php\/2020\/09\/03\/las-amenazas-a-sergio-massa-y-su-familia-constituyen-un-hecho-grave-para-la-republica\/","title":{"rendered":"\u201cLas amenazas a Sergio Massa y su familia constituyen un hecho grave para la rep\u00fablica\u201d"},"content":{"rendered":"<p>El concejal del Foro Olavarr\u00eda y referente del Frente Renovador a nivel local, Eduardo Rodr\u00edguez, hizo p\u00fablico su \u201cm\u00e1s en\u00e9rgico\u201d rechazo acerca de las amenazas que sufri\u00f3 el presidente de la C\u00e1mara de Diputados de la Naci\u00f3n el pasado mi\u00e9rcoles por la madrugada. Catalog\u00f3 el hecho como \u201cinadmisible para la democracia\u201d.<!--more--><\/p>\n<p>_______________________________<\/p>\n<p><strong>El concejal del Foro Olavarr\u00eda y referente del Frente Renovador a nivel local, Eduardo Rodr\u00edguez, repudi\u00f3 las amenazas a Sergio Massa y su familia.<\/strong> Catalog\u00f3 el hecho como \u201cgrave para la Rep\u00fablica\u201d y brind\u00f3 el acompa\u00f1amiento al presidente de la C\u00e1mara de Diputados de la Naci\u00f3n.<\/p>\n<p>&nbsp;<\/p>\n<blockquote><p>\u201cEl Presidente de la C\u00e1mara de Diputados y su familia, fueron amenazados de muerte con cientos de mensajes an\u00f3nimos a sus celulares, luego que en forma canallesca se diera a conocer en las redes sociales sus n\u00fameros de tel\u00e9fonos particulares\u201d explic\u00f3 Rodr\u00edguez en un comunicado emitido en la tarde de este jueves.<\/p><\/blockquote>\n<p>&nbsp;<\/p>\n<p>Agreg\u00f3, adem\u00e1s, que <em>\u201cen las amenazas se utilizaron im\u00e1genes de los hijos de la familia Massa \u2013 Galmarini, recordando esto los m\u00e9todos utilizados por las de las mafias\u201d.<\/em><\/p>\n<p>&nbsp;<\/p>\n<p>Eduardo Rodr\u00edguez reiter\u00f3 <em>\u201cque es inadmisible este tipo de episodio en democracia y que lo sucedido atenta directamente contra la rep\u00fablica. Desde el Frente Renovador demandamos una urgente investigaci\u00f3n para dar con los y las responsables de las amenazas al tiempo que lo sucedido amerita un repudio de todo el arco pol\u00edtico y de la sociedad\u201d<\/em> concluy\u00f3.<\/p>\n","protected":false},"excerpt":{"rendered":"<p>El concejal del Foro Olavarr\u00eda y referente del Frente Renovador a nivel local, Eduardo Rodr\u00edguez, hizo p\u00fablico su \u201cm\u00e1s en\u00e9rgico\u201d<\/p>\n","protected":false},"author":2,"featured_media":717,"comment_status":"closed","ping_status":"closed","sticky":false,"template":"","format":"standard","meta":{"_jetpack_memberships_contains_paid_content":false,"footnotes":""},"categories":[4],"tags":[],"class_list":["post-716","post","type-post","status-publish","format-standard","has-post-thumbnail","hentry","category-politica"],"jetpack_featured_media_url":"https:\/\/i0.wp.com\/cdnoticias.com\/wp-content\/uploads\/2020\/09\/ConSergioMassa.jpg?fit=800%2C450&ssl=1","jetpack_sharing_enabled":true,"_links":{"self":[{"href":"https:\/\/cdnoticias.com\/index.php\/wp-json\/wp\/v2\/posts\/716","targetHints":{"allow":["GET"]}}],"collection":[{"href":"https:\/\/cdnoticias.com\/index.php\/wp-json\/wp\/v2\/posts"}],"about":[{"href":"https:\/\/cdnoticias.com\/index.php\/wp-json\/wp\/v2\/types\/post"}],"author":[{"embeddable":true,"href":"https:\/\/cdnoticias.com\/index.php\/wp-json\/wp\/v2\/users\/2"}],"replies":[{"embeddable":true,"href":"https:\/\/cdnoticias.com\/index.php\/wp-json\/wp\/v2\/comments?post=716"}],"version-history":[{"count":0,"href":"https:\/\/cdnoticias.com\/index.php\/wp-json\/wp\/v2\/posts\/716\/revisions"}],"wp:featuredmedia":[{"embeddable":true,"href":"https:\/\/cdnoticias.com\/index.php\/wp-json\/wp\/v2\/media\/717"}],"wp:attachment":[{"href":"https:\/\/cdnoticias.com\/index.php\/wp-json\/wp\/v2\/media?parent=716"}],"wp:term":[{"taxonomy":"category","embeddable":true,"href":"https:\/\/cdnoticias.com\/index.php\/wp-json\/wp\/v2\/categories?post=716"},{"taxonomy":"post_tag","embeddable":true,"href":"https:\/\/cdnoticias.com\/index.php\/wp-json\/wp\/v2\/tags?post=716"}],"curies":[{"name":"wp","href":"https:\/\/api.w.org\/{rel}","templated":true}]}}