{"id":71574,"date":"2022-12-02T18:22:21","date_gmt":"2022-12-02T21:22:21","guid":{"rendered":"https:\/\/www.centraldenoticias.com.ar\/?p=71574"},"modified":"2022-12-02T18:22:21","modified_gmt":"2022-12-02T21:22:21","slug":"rosa-nelida-bender-de-berg-rosita-q-e-p-d","status":"publish","type":"post","link":"https:\/\/cdnoticias.com\/index.php\/2022\/12\/02\/rosa-nelida-bender-de-berg-rosita-q-e-p-d\/","title":{"rendered":"Rosa N\u00e9lida Bender de Berg &#8220;Rosita&#8221; (Q.E.P.D.)"},"content":{"rendered":"<p>Falleci\u00f3 en Mar del Plata el d\u00eda 2 de diciembre de 2022 a los 73 a\u00f1os. Su esposo Juan Carlos Berg; sus hijos; sus hijos pol\u00edticos; sus nietos; sus hermanos; sus sobrinos y dem\u00e1s deudos participan su fallecimiento.<\/p>\n<p>&nbsp;<\/p>\n<p>Velatorio: Sala &#8220;E&#8221; de Espa\u00f1a 2942. Viernes 2 a las 22:00. Responso: Capilla Ardiente. Inhumaci\u00f3n: Cementerio Loma de Paz, s\u00e1bado 3 a las 10:30.<\/p>\n<p>&nbsp;<\/p>\n<p>Servicio adherido a Coopelectric.<\/p>\n<p>&nbsp;<\/p>\n<p>Barrio en el que viv\u00eda: Villa Mailin<\/p>\n<p>Lugar de nacimiento: Coronel Su\u00e1rez<\/p>\n<p>Actividad que desarrollaba: Jubilada<\/p>\n","protected":false},"excerpt":{"rendered":"<p>Falleci\u00f3 en Mar del Plata el d\u00eda 2 de diciembre de 2022 a los 73 a\u00f1os. Su esposo Juan Carlos<\/p>\n","protected":false},"author":6,"featured_media":67646,"comment_status":"closed","ping_status":"closed","sticky":false,"template":"","format":"standard","meta":{"_jetpack_memberships_contains_paid_content":false,"footnotes":""},"categories":[10],"tags":[],"class_list":["post-71574","post","type-post","status-publish","format-standard","has-post-thumbnail","hentry","category-necrologicas"],"jetpack_featured_media_url":"https:\/\/i0.wp.com\/cdnoticias.com\/wp-content\/uploads\/2022\/10\/necrologicas-390-x-240.jpg?fit=390%2C240&ssl=1","jetpack_sharing_enabled":true,"_links":{"self":[{"href":"https:\/\/cdnoticias.com\/index.php\/wp-json\/wp\/v2\/posts\/71574","targetHints":{"allow":["GET"]}}],"collection":[{"href":"https:\/\/cdnoticias.com\/index.php\/wp-json\/wp\/v2\/posts"}],"about":[{"href":"https:\/\/cdnoticias.com\/index.php\/wp-json\/wp\/v2\/types\/post"}],"author":[{"embeddable":true,"href":"https:\/\/cdnoticias.com\/index.php\/wp-json\/wp\/v2\/users\/6"}],"replies":[{"embeddable":true,"href":"https:\/\/cdnoticias.com\/index.php\/wp-json\/wp\/v2\/comments?post=71574"}],"version-history":[{"count":0,"href":"https:\/\/cdnoticias.com\/index.php\/wp-json\/wp\/v2\/posts\/71574\/revisions"}],"wp:featuredmedia":[{"embeddable":true,"href":"https:\/\/cdnoticias.com\/index.php\/wp-json\/wp\/v2\/media\/67646"}],"wp:attachment":[{"href":"https:\/\/cdnoticias.com\/index.php\/wp-json\/wp\/v2\/media?parent=71574"}],"wp:term":[{"taxonomy":"category","embeddable":true,"href":"https:\/\/cdnoticias.com\/index.php\/wp-json\/wp\/v2\/categories?post=71574"},{"taxonomy":"post_tag","embeddable":true,"href":"https:\/\/cdnoticias.com\/index.php\/wp-json\/wp\/v2\/tags?post=71574"}],"curies":[{"name":"wp","href":"https:\/\/api.w.org\/{rel}","templated":true}]}}