{"id":71552,"date":"2022-12-02T17:07:31","date_gmt":"2022-12-02T20:07:31","guid":{"rendered":"https:\/\/www.centraldenoticias.com.ar\/?p=71552"},"modified":"2022-12-06T09:36:50","modified_gmt":"2022-12-06T12:36:50","slug":"secuestraron-un-vehiculo-que-habia-sido-robado-en-la-matanza","status":"publish","type":"post","link":"https:\/\/cdnoticias.com\/index.php\/2022\/12\/02\/secuestraron-un-vehiculo-que-habia-sido-robado-en-la-matanza\/","title":{"rendered":"Secuestraron un veh\u00edculo que hab\u00eda sido robado en La Matanza"},"content":{"rendered":"<p>La SubDDI local encontr\u00f3 un Gol Trend que ten\u00eda pedido de secuestro activo por un robo agravado en el distrito del conurbano. <!--more--><\/p>\n<hr \/>\n<p>En la jornada del pasado jueves,<strong> personal de Grupos Operativos de la SubDDI Olavarr\u00eda secuestraron un auto que ten\u00eda un pedido de secuestro activo por un robo en La Matanza.<\/strong><\/p>\n<p>&nbsp;<\/p>\n<p>El veh\u00edculo fue secuestrado en el marco de recorridas por \u201cPrevenci\u00f3n y Represi\u00f3n de Delitos y Faltas en General\u201d y tras pedir la documentaci\u00f3n puntual de un<strong> Volkswagen Gol Trend, los datos cruzados por sistema inform\u00e1tico detectaron que ten\u00edan un pedido de secuestro activo.<\/strong><\/p>\n<p>&nbsp;<\/p>\n<p>Desde la SubDDI se inform\u00f3 que el pedido, que data de<strong> octubre de este a\u00f1o, es por el delito de un robo agravado cometido en La Matanza, con intervenci\u00f3n de la UFI N\u00b012 de aquel distrito.<\/strong><\/p>\n<p>&nbsp;<\/p>\n<p>Aqu\u00ed en nuestra ciudad, intervino la UFI N\u00b07 a cargo del doctor Christian Url\u00e9zaga, quien determin\u00f3 que<strong> el veh\u00edculo sea alojado en la DDI para realizar los recaudos legales pertinentes y aguardando nuevas medidas judiciales<\/strong> de la Unidad a cargo de la causa.<\/p>\n","protected":false},"excerpt":{"rendered":"<p>La SubDDI local encontr\u00f3 un Gol Trend que ten\u00eda pedido de secuestro activo por un robo agravado en el distrito<\/p>\n","protected":false},"author":2,"featured_media":71553,"comment_status":"closed","ping_status":"closed","sticky":false,"template":"","format":"standard","meta":{"_jetpack_memberships_contains_paid_content":false,"footnotes":""},"categories":[14],"tags":[],"class_list":["post-71552","post","type-post","status-publish","format-standard","has-post-thumbnail","hentry","category-policiales"],"jetpack_featured_media_url":"https:\/\/i0.wp.com\/cdnoticias.com\/wp-content\/uploads\/2022\/12\/WhatsApp-Image-2022-12-02-at-16.18.42.jpeg?fit=1280%2C960&ssl=1","jetpack_sharing_enabled":true,"_links":{"self":[{"href":"https:\/\/cdnoticias.com\/index.php\/wp-json\/wp\/v2\/posts\/71552","targetHints":{"allow":["GET"]}}],"collection":[{"href":"https:\/\/cdnoticias.com\/index.php\/wp-json\/wp\/v2\/posts"}],"about":[{"href":"https:\/\/cdnoticias.com\/index.php\/wp-json\/wp\/v2\/types\/post"}],"author":[{"embeddable":true,"href":"https:\/\/cdnoticias.com\/index.php\/wp-json\/wp\/v2\/users\/2"}],"replies":[{"embeddable":true,"href":"https:\/\/cdnoticias.com\/index.php\/wp-json\/wp\/v2\/comments?post=71552"}],"version-history":[{"count":0,"href":"https:\/\/cdnoticias.com\/index.php\/wp-json\/wp\/v2\/posts\/71552\/revisions"}],"wp:featuredmedia":[{"embeddable":true,"href":"https:\/\/cdnoticias.com\/index.php\/wp-json\/wp\/v2\/media\/71553"}],"wp:attachment":[{"href":"https:\/\/cdnoticias.com\/index.php\/wp-json\/wp\/v2\/media?parent=71552"}],"wp:term":[{"taxonomy":"category","embeddable":true,"href":"https:\/\/cdnoticias.com\/index.php\/wp-json\/wp\/v2\/categories?post=71552"},{"taxonomy":"post_tag","embeddable":true,"href":"https:\/\/cdnoticias.com\/index.php\/wp-json\/wp\/v2\/tags?post=71552"}],"curies":[{"name":"wp","href":"https:\/\/api.w.org\/{rel}","templated":true}]}}