{"id":71544,"date":"2022-12-02T11:01:40","date_gmt":"2022-12-02T14:01:40","guid":{"rendered":"https:\/\/www.centraldenoticias.com.ar\/?p=71544"},"modified":"2022-12-02T17:07:42","modified_gmt":"2022-12-02T20:07:42","slug":"allanamientos-en-el-marco-de-la-investigacion-por-el-robo-en-un-kiosco-24-horas","status":"publish","type":"post","link":"https:\/\/cdnoticias.com\/index.php\/2022\/12\/02\/allanamientos-en-el-marco-de-la-investigacion-por-el-robo-en-un-kiosco-24-horas\/","title":{"rendered":"Allanamientos en el marco de una investigaci\u00f3n por el robo en un kiosco 24 horas"},"content":{"rendered":"<p>Fue en las inmediaciones de barrio Isaura con resultado \u201caltamente positivo\u201d. Secuestraron una moto y elementos de inter\u00e9s para la causa.<!--more--><\/p>\n<hr \/>\n<p><em>Imagen ilustrativa.<\/em><\/p>\n<p>&nbsp;<\/p>\n<p>A ra\u00edz de reiterados robos en kioscos, en las \u00faltimas horas se concretaron<strong> dos allanamientos en viviendas ubicadas en inmediaciones del barrio Isaura.<\/strong><\/p>\n<p>&nbsp;<\/p>\n<p>El procedimiento fue solicitado por la fiscal Mar\u00eda Paula Serrano quien lleva adelante la<strong> investigaci\u00f3n de un robo ocurrido en un kiosco 24 horas.<\/strong> La causa est\u00e1 caratulada como \u201crobo agravado por el uso de armas\u201d.<\/p>\n<p>&nbsp;<\/p>\n<blockquote><p>Seg\u00fan se inform\u00f3 el resultado fue \u201caltamente positivo\u201d y se secuestr\u00f3 una moto que habr\u00eda sido utilizada para cometer el robo y dem\u00e1s elementos de inter\u00e9s para la causa.<\/p><\/blockquote>\n<p>&nbsp;<\/p>\n<p>El Juzgado de Garant\u00edas N\u00b02 a cargo del doctor Carlos Eduardo Villamar\u00edn autoriz\u00f3 el operativo que fue encabezado por personal del Grupo Operativos de la SubDDI y que cont\u00f3 con la colaboraci\u00f3n de efectivos de comisar\u00eda Primera y Segunda, Comando de Prevenci\u00f3n Rural, motopolic\u00edas y la subsecretar\u00eda de Seguridad Municipal.<\/p>\n<p>&nbsp;<\/p>\n","protected":false},"excerpt":{"rendered":"<p>Fue en las inmediaciones de barrio Isaura con resultado \u201caltamente positivo\u201d. Secuestraron una moto y elementos de inter\u00e9s para la<\/p>\n","protected":false},"author":5,"featured_media":71158,"comment_status":"closed","ping_status":"closed","sticky":false,"template":"","format":"standard","meta":{"_jetpack_memberships_contains_paid_content":false,"footnotes":""},"categories":[14,1],"tags":[],"class_list":["post-71544","post","type-post","status-publish","format-standard","has-post-thumbnail","hentry","category-policiales","category-portada"],"jetpack_featured_media_url":"https:\/\/i0.wp.com\/cdnoticias.com\/wp-content\/uploads\/2022\/11\/kiosco.jpeg?fit=720%2C413&ssl=1","jetpack_sharing_enabled":true,"_links":{"self":[{"href":"https:\/\/cdnoticias.com\/index.php\/wp-json\/wp\/v2\/posts\/71544","targetHints":{"allow":["GET"]}}],"collection":[{"href":"https:\/\/cdnoticias.com\/index.php\/wp-json\/wp\/v2\/posts"}],"about":[{"href":"https:\/\/cdnoticias.com\/index.php\/wp-json\/wp\/v2\/types\/post"}],"author":[{"embeddable":true,"href":"https:\/\/cdnoticias.com\/index.php\/wp-json\/wp\/v2\/users\/5"}],"replies":[{"embeddable":true,"href":"https:\/\/cdnoticias.com\/index.php\/wp-json\/wp\/v2\/comments?post=71544"}],"version-history":[{"count":0,"href":"https:\/\/cdnoticias.com\/index.php\/wp-json\/wp\/v2\/posts\/71544\/revisions"}],"wp:featuredmedia":[{"embeddable":true,"href":"https:\/\/cdnoticias.com\/index.php\/wp-json\/wp\/v2\/media\/71158"}],"wp:attachment":[{"href":"https:\/\/cdnoticias.com\/index.php\/wp-json\/wp\/v2\/media?parent=71544"}],"wp:term":[{"taxonomy":"category","embeddable":true,"href":"https:\/\/cdnoticias.com\/index.php\/wp-json\/wp\/v2\/categories?post=71544"},{"taxonomy":"post_tag","embeddable":true,"href":"https:\/\/cdnoticias.com\/index.php\/wp-json\/wp\/v2\/tags?post=71544"}],"curies":[{"name":"wp","href":"https:\/\/api.w.org\/{rel}","templated":true}]}}