{"id":71507,"date":"2022-12-02T21:01:29","date_gmt":"2022-12-03T00:01:29","guid":{"rendered":"https:\/\/www.centraldenoticias.com.ar\/?p=71507"},"modified":"2022-12-03T11:23:07","modified_gmt":"2022-12-03T14:23:07","slug":"una-decada-de-forasteros-queremos-disfrutar-y-plantearnos-los-proximos-10-anos","status":"publish","type":"post","link":"https:\/\/cdnoticias.com\/index.php\/2022\/12\/02\/una-decada-de-forasteros-queremos-disfrutar-y-plantearnos-los-proximos-10-anos\/","title":{"rendered":"Una d\u00e9cada de Forasteros: &#8220;Queremos disfrutar y plantearnos los pr\u00f3ximos 10 a\u00f1os&#8221;"},"content":{"rendered":"<p>As\u00ed lo remarc\u00f3 Emmanuel Tisera, vocalista de la banda, que este s\u00e1bado 3 de diciembre se presentar\u00e1 en Club Mariano Moreno para celebrar 10 a\u00f1os juntos.<!--more--><\/p>\n<hr \/>\n<p><strong>Forasteros Blues<\/strong> cumple 10 a\u00f1os este <strong>s\u00e1bado <\/strong>y lo festejar\u00e1n con un show en<strong> Club Mariano Moreno a partir de las 20:00. <\/strong>Una d\u00e9cada de rock and roll, viajes, historias y una trayectoria que no muchas bandas de nuestra ciudad pueden jactarse tan f\u00e1cilmente.<\/p>\n<p>&nbsp;<\/p>\n<p>La banda est\u00e1 integrada por\u00a0<strong>Emmanuel Tisera &#8220;Tise&#8221;<\/strong>\u00a0en bajo y voz,<strong> Rodrigo Gonz\u00e1lez<\/strong> y <strong>Nicol\u00e1s Mart\u00edn<\/strong> en guitarras, y <strong>Mat\u00edas Alladio<\/strong> en bater\u00eda, quien se sum\u00f3 a la banda en marzo de este a\u00f1o.<\/p>\n<p>&nbsp;<\/p>\n<p>En el festejo participar\u00e1n bandas invitadas, entre ellas, la banda loca<strong>l Amanecidos y Cabra da Peste,<\/strong> de La Plata. Adem\u00e1s habr\u00e1 servicio de cantina.<\/p>\n<p>&nbsp;<\/p>\n<p><strong><em>Central de Noticias<\/em> <\/strong>dialog\u00f3 con <strong>Forasteros Blues,<\/strong> quienes dieron detalles de lo que ser\u00e1 el show de este s\u00e1bado. Las <strong>entradas anticipadas<\/strong> las pueden conseguir en el <strong>kiosco Maseritas<\/strong> (Rivadavia y Belgrano) o de forma online a trav\u00e9s de la plataforma Todo Pass a un <strong>costo de $1000.<\/strong><\/p>\n<p>&nbsp;<\/p>\n<p>&#8220;Lo esperamos con muchas ganas. Pasaron muy r\u00e1pido los 10 a\u00f1os, pero estamos muy ansiosos y con muchas ganas de festejar&#8221; cont\u00f3 Gonz\u00e1lez. Por su parte, Nicol\u00e1s Mart\u00edn indic\u00f3 que &#8220;uno se pone a pensar y a ver videos de todas las \u00e9pocas y te vas acordando de todo lo que pas\u00f3. Hay mucha expectativa&#8221;.<\/p>\n<p>&nbsp;<\/p>\n<p><img data-recalc-dims=\"1\" loading=\"lazy\" decoding=\"async\" class=\"alignnone size-full wp-image-71508\" src=\"https:\/\/i0.wp.com\/cdnoticias.com\/wp-content\/uploads\/2022\/12\/forasteros-1-scaled.jpg?resize=800%2C445&#038;ssl=1\" alt=\"\" width=\"800\" height=\"445\" srcset=\"https:\/\/i0.wp.com\/cdnoticias.com\/wp-content\/uploads\/2022\/12\/forasteros-1-scaled.jpg?w=2560&amp;ssl=1 2560w, https:\/\/i0.wp.com\/cdnoticias.com\/wp-content\/uploads\/2022\/12\/forasteros-1-scaled.jpg?resize=300%2C167&amp;ssl=1 300w, https:\/\/i0.wp.com\/cdnoticias.com\/wp-content\/uploads\/2022\/12\/forasteros-1-scaled.jpg?resize=1024%2C570&amp;ssl=1 1024w, https:\/\/i0.wp.com\/cdnoticias.com\/wp-content\/uploads\/2022\/12\/forasteros-1-scaled.jpg?resize=768%2C427&amp;ssl=1 768w, https:\/\/i0.wp.com\/cdnoticias.com\/wp-content\/uploads\/2022\/12\/forasteros-1-scaled.jpg?resize=1536%2C855&amp;ssl=1 1536w, https:\/\/i0.wp.com\/cdnoticias.com\/wp-content\/uploads\/2022\/12\/forasteros-1-scaled.jpg?resize=2048%2C1140&amp;ssl=1 2048w, https:\/\/i0.wp.com\/cdnoticias.com\/wp-content\/uploads\/2022\/12\/forasteros-1-scaled.jpg?resize=800%2C445&amp;ssl=1 800w, https:\/\/i0.wp.com\/cdnoticias.com\/wp-content\/uploads\/2022\/12\/forasteros-1-scaled.jpg?w=1600&amp;ssl=1 1600w, https:\/\/i0.wp.com\/cdnoticias.com\/wp-content\/uploads\/2022\/12\/forasteros-1-scaled.jpg?w=2400&amp;ssl=1 2400w\" sizes=\"auto, (max-width: 800px) 100vw, 800px\" \/><\/p>\n<p>&nbsp;<\/p>\n<p>Tisera, vocalista de la banda, expres\u00f3 que el aniversario &#8220;<em><strong>lo tomo reflexivo. Es pensar en un mont\u00f3n de cosas que pasaron con lo bueno y lo malo. Somos una banda con 10 a\u00f1os de experiencia que no es poco y que llegamos hasta ac\u00e1 tocando, compartiendo y consiguiendo. La cantidad de gente que nos cruzamos, las bandas que hemos compartido no dejan de ser una ense\u00f1anza m\u00e1s. Hay un mont\u00f3n de sentimientos y sensaciones a lo largo de estos a\u00f1os<\/strong><strong>. Queremos disfrutar y plantearnos los pr\u00f3ximos 10 a\u00f1os&#8221;.<\/strong><\/em><\/p>\n<p>&nbsp;<\/p>\n<p>&#8220;Los cuatro que estamos ac\u00e1, estamos juntos porque <strong>somos manijas de tocar<\/strong>. Arrancamos con Roy que fuimos los dos primeros que ven\u00edamos de dos bandas diferentes de la ciudad. Al tiempo se sum\u00f3 Nicol\u00e1s y est\u00e1bamos formando nuestras canciones. La idea principal era laburar de verdad y<strong> faltaba rocanrol en la ciudad, no hab\u00eda muchas bandas y la gente respond\u00eda.<\/strong> Tambi\u00e9n <strong>hab\u00eda mas lugares para tocar en comparaci\u00f3n con hoy&#8221;<\/strong> agreg\u00f3 Tisera.<\/p>\n<p>&nbsp;<\/p>\n<p>Por su parte Alladio cont\u00f3 que<em> &#8220;desde que me sum\u00e9 a la banda me siento re c\u00f3modo y los pibes laburan a pleno, as\u00ed que me encanta y soy igual de manija que ellos&#8221;.<\/em><\/p>\n<p>&nbsp;<\/p>\n<p>Sobre las<strong> situaci\u00f3n actual de las bandas en la ciudad<\/strong>, Tise remarc\u00f3: &#8221; Sabemos que las situaciones no son favorables para las bandas, y <strong>al tener 10 a\u00f1os de experiencia est\u00e1 bueno pegar el grito y decir esto tiene que ser de otra forma.<\/strong> Alguien tiene que romper el molde para todas las bandas que vienen atr\u00e1s que tienen uno o dos a\u00f1os. <strong>Hay que exigir y proponer. Venimos con el lema de cultura poder y eso abraza a toda la rama art\u00edstica de la ciudad&#8221;.\u00a0<\/strong><\/p>\n<p>&nbsp;<\/p>\n<p><img data-recalc-dims=\"1\" loading=\"lazy\" decoding=\"async\" class=\"alignnone size-full wp-image-71516\" src=\"https:\/\/i0.wp.com\/cdnoticias.com\/wp-content\/uploads\/2022\/12\/forasteros-8-scaled.jpg?resize=800%2C445&#038;ssl=1\" alt=\"\" width=\"800\" height=\"445\" srcset=\"https:\/\/i0.wp.com\/cdnoticias.com\/wp-content\/uploads\/2022\/12\/forasteros-8-scaled.jpg?w=2560&amp;ssl=1 2560w, https:\/\/i0.wp.com\/cdnoticias.com\/wp-content\/uploads\/2022\/12\/forasteros-8-scaled.jpg?resize=300%2C167&amp;ssl=1 300w, https:\/\/i0.wp.com\/cdnoticias.com\/wp-content\/uploads\/2022\/12\/forasteros-8-scaled.jpg?resize=1024%2C570&amp;ssl=1 1024w, https:\/\/i0.wp.com\/cdnoticias.com\/wp-content\/uploads\/2022\/12\/forasteros-8-scaled.jpg?resize=768%2C427&amp;ssl=1 768w, https:\/\/i0.wp.com\/cdnoticias.com\/wp-content\/uploads\/2022\/12\/forasteros-8-scaled.jpg?resize=1536%2C855&amp;ssl=1 1536w, https:\/\/i0.wp.com\/cdnoticias.com\/wp-content\/uploads\/2022\/12\/forasteros-8-scaled.jpg?resize=2048%2C1140&amp;ssl=1 2048w, https:\/\/i0.wp.com\/cdnoticias.com\/wp-content\/uploads\/2022\/12\/forasteros-8-scaled.jpg?resize=800%2C445&amp;ssl=1 800w, https:\/\/i0.wp.com\/cdnoticias.com\/wp-content\/uploads\/2022\/12\/forasteros-8-scaled.jpg?w=1600&amp;ssl=1 1600w, https:\/\/i0.wp.com\/cdnoticias.com\/wp-content\/uploads\/2022\/12\/forasteros-8-scaled.jpg?w=2400&amp;ssl=1 2400w\" sizes=\"auto, (max-width: 800px) 100vw, 800px\" \/><\/p>\n<p>&nbsp;<\/p>\n<blockquote><p>&#8220;Verdaderamente de una vez por todas en la ciudad tiene que respetar a las bandas como gente que trabaja a la par de un periodista, un pintor o un alba\u00f1il. Es la voz que elevamos y no nos sentimos referentes, pero si sentimos que tenemos el poder de exigirlo para que el camino sea mas aliviado para los que vienen atr\u00e1s. Quisi\u00e9ramos todos trabajar exclusivamente de la m\u00fasica&#8221; agreg\u00f3.<\/p><\/blockquote>\n<p>&nbsp;<\/p>\n<p><strong>Forasteros Blues<\/strong> conoci\u00f3 a mucha gente y bandas en el camino:<strong> La Renga, Viejas Locas, La 25, Guasones, El plan de la Mariposa<\/strong> y hasta el propio <strong>Ricardo Mollo, integrante de Divididos, grab\u00f3 una canci\u00f3n en su primer disco <em>&#8220;Que Est\u00e1s Diciendo&#8221; (2016).<\/em><\/strong><\/p>\n<p>&nbsp;<\/p>\n<p>&#8220;No solo las bandas, tambi\u00e9n los productores que a lo largo del camino nos respetaron, las ciudades que nos llamaron, las bandas que conocimos y las familias que acompa\u00f1aron. <em><strong>Con la gente del Plan de la Mariposa es casi una amistad, son divinos y con ellos siempre nos portamos de maravilla. Estamos en la lista de ISOCA por segundo a\u00f1o. Quiz\u00e1s es una se\u00f1al de que no bardeamos en el camino y que hicimos las cosas medianamente bien&#8221;<\/strong><\/em> remarc\u00f3 Tise.<\/p>\n<p>&nbsp;<\/p>\n<p><em>&#8220;Cuando tocamos con Mollo en la participaci\u00f3n del disco, \u00e9l vino con toda su humildad y fue una experiencia hermosa. Con su guitarra, sus instrumentos, <strong>el tipo es un amor de persona.<\/strong> Nos pusimos a grabar, pero despu\u00e9s charlamos un rato largu\u00edsimo. <strong>Nos contaron historias de c\u00f3mo grabaron sus discos con Divididos en los 90, y nosotros quedamos en shock<\/strong>&#8220;<\/em> cont\u00f3 Nicol\u00e1s Mart\u00edn.<\/p>\n<p>&nbsp;<\/p>\n<p>Adem\u00e1s, Gonz\u00e1lez agreg\u00f3 entre risas que &#8220;siempre iba a ver a Divididos, lo ve\u00eda a Mollo re chiquito y re lejos.<em><strong> De repente est\u00e1bamos con \u00e9l grabando y ense\u00f1\u00e1ndole nuestra canci\u00f3n tomando mate.<\/strong> <\/em>Fue una locura&#8221;.<\/p>\n<p>&nbsp;<\/p>\n<p><img data-recalc-dims=\"1\" loading=\"lazy\" decoding=\"async\" class=\"alignnone size-full wp-image-71512\" src=\"https:\/\/i0.wp.com\/cdnoticias.com\/wp-content\/uploads\/2022\/12\/forasteros-4-scaled.jpg?resize=800%2C445&#038;ssl=1\" alt=\"\" width=\"800\" height=\"445\" srcset=\"https:\/\/i0.wp.com\/cdnoticias.com\/wp-content\/uploads\/2022\/12\/forasteros-4-scaled.jpg?w=2560&amp;ssl=1 2560w, https:\/\/i0.wp.com\/cdnoticias.com\/wp-content\/uploads\/2022\/12\/forasteros-4-scaled.jpg?resize=300%2C167&amp;ssl=1 300w, https:\/\/i0.wp.com\/cdnoticias.com\/wp-content\/uploads\/2022\/12\/forasteros-4-scaled.jpg?resize=1024%2C570&amp;ssl=1 1024w, https:\/\/i0.wp.com\/cdnoticias.com\/wp-content\/uploads\/2022\/12\/forasteros-4-scaled.jpg?resize=768%2C427&amp;ssl=1 768w, https:\/\/i0.wp.com\/cdnoticias.com\/wp-content\/uploads\/2022\/12\/forasteros-4-scaled.jpg?resize=1536%2C855&amp;ssl=1 1536w, https:\/\/i0.wp.com\/cdnoticias.com\/wp-content\/uploads\/2022\/12\/forasteros-4-scaled.jpg?resize=2048%2C1140&amp;ssl=1 2048w, https:\/\/i0.wp.com\/cdnoticias.com\/wp-content\/uploads\/2022\/12\/forasteros-4-scaled.jpg?resize=800%2C445&amp;ssl=1 800w, https:\/\/i0.wp.com\/cdnoticias.com\/wp-content\/uploads\/2022\/12\/forasteros-4-scaled.jpg?w=1600&amp;ssl=1 1600w, https:\/\/i0.wp.com\/cdnoticias.com\/wp-content\/uploads\/2022\/12\/forasteros-4-scaled.jpg?w=2400&amp;ssl=1 2400w\" sizes=\"auto, (max-width: 800px) 100vw, 800px\" \/><\/p>\n<p>&nbsp;<\/p>\n<p><em><strong>&#8220;No se si est\u00e1bamos preparados para vivir situaciones as\u00ed, grabando en un estudio super equipado y con Mollo en el mismo lugar. No sal\u00edamos de la alucinaci\u00f3n. Llegamos al hotel y no entend\u00edamos que hab\u00eda pasado&#8221;<\/strong><\/em> cont\u00f3 Tise.<\/p>\n<p>&nbsp;<\/p>\n<p>El a\u00f1o 2022 fue intenso para la banda. En febrero se tuvieron que<strong> rearmar con un nuevo baterista<\/strong> e incluso conformaron un equipo de trabajo m\u00e1s grande. Adem\u00e1s, <strong>todav\u00eda quedan varias canciones para grabar y conformar un nuevo disco,<\/strong> aunque todav\u00eda no hubo una confirmaci\u00f3n oficial.<\/p>\n<p>&nbsp;<\/p>\n<p>Los <strong>fan\u00e1ticos y seguidores<\/strong> de Forasteros Blues <strong>los siguen a todos lados<\/strong> y en cada fecha que la banda publica. Al respeto, Nicol\u00e1s Mart\u00edn expres\u00f3: <em><strong>&#8220;creo que la gente nos sigue a todos lados porque siempre fuimos por m\u00e1s y nunca descansamos. Siempre apostamos en los shows, en el escenario, los invitados, las luces. Nunca hicimos la misma lista dos veces y siempre con nuestras canciones&#8221;.<\/strong><\/em><\/p>\n<p>&nbsp;<\/p>\n<p>&#8220;Siempre impulsamos a tocar en otros lados, nos recorrimos casi toda la provincia tocando. A la gente le copa salir de viaje. La \u00faltima de Chillar no me la voy a olvidar nunca en la vida porque la gente estaba sacada y agitando. A la gente le gusta viajar con la banda que le genera sensaciones. <em><strong>Hay personas que canalizan con nosotros que nos dicen yo estoy mal y me pongo a escucharlos a ustedes. Y esto que digo es lejos de todo ego, es algo que vivimos y es un golazo para nosotros.<\/strong><\/em> Tenemos muchos amigos y siempre est\u00e1n cuando necesitamos algo&#8221; cerr\u00f3 Tise.<\/p>\n<p>&nbsp;<\/p>\n<p><img data-recalc-dims=\"1\" loading=\"lazy\" decoding=\"async\" class=\"alignnone size-full wp-image-71514\" src=\"https:\/\/i0.wp.com\/cdnoticias.com\/wp-content\/uploads\/2022\/12\/forasteros-6-scaled.jpg?resize=800%2C445&#038;ssl=1\" alt=\"\" width=\"800\" height=\"445\" srcset=\"https:\/\/i0.wp.com\/cdnoticias.com\/wp-content\/uploads\/2022\/12\/forasteros-6-scaled.jpg?w=2560&amp;ssl=1 2560w, https:\/\/i0.wp.com\/cdnoticias.com\/wp-content\/uploads\/2022\/12\/forasteros-6-scaled.jpg?resize=300%2C167&amp;ssl=1 300w, https:\/\/i0.wp.com\/cdnoticias.com\/wp-content\/uploads\/2022\/12\/forasteros-6-scaled.jpg?resize=1024%2C570&amp;ssl=1 1024w, https:\/\/i0.wp.com\/cdnoticias.com\/wp-content\/uploads\/2022\/12\/forasteros-6-scaled.jpg?resize=768%2C427&amp;ssl=1 768w, https:\/\/i0.wp.com\/cdnoticias.com\/wp-content\/uploads\/2022\/12\/forasteros-6-scaled.jpg?resize=1536%2C854&amp;ssl=1 1536w, https:\/\/i0.wp.com\/cdnoticias.com\/wp-content\/uploads\/2022\/12\/forasteros-6-scaled.jpg?resize=2048%2C1139&amp;ssl=1 2048w, https:\/\/i0.wp.com\/cdnoticias.com\/wp-content\/uploads\/2022\/12\/forasteros-6-scaled.jpg?resize=800%2C445&amp;ssl=1 800w, https:\/\/i0.wp.com\/cdnoticias.com\/wp-content\/uploads\/2022\/12\/forasteros-6-scaled.jpg?w=1600&amp;ssl=1 1600w, https:\/\/i0.wp.com\/cdnoticias.com\/wp-content\/uploads\/2022\/12\/forasteros-6-scaled.jpg?w=2400&amp;ssl=1 2400w\" sizes=\"auto, (max-width: 800px) 100vw, 800px\" \/><\/p>\n","protected":false},"excerpt":{"rendered":"<p>As\u00ed lo remarc\u00f3 Emmanuel Tisera, vocalista de la banda, que este s\u00e1bado 3 de diciembre se presentar\u00e1 en Club Mariano<\/p>\n","protected":false},"author":6,"featured_media":71513,"comment_status":"closed","ping_status":"closed","sticky":false,"template":"","format":"standard","meta":{"_jetpack_memberships_contains_paid_content":false,"footnotes":""},"categories":[9,1],"tags":[],"class_list":["post-71507","post","type-post","status-publish","format-standard","has-post-thumbnail","hentry","category-cultura","category-portada"],"jetpack_featured_media_url":"https:\/\/i0.wp.com\/cdnoticias.com\/wp-content\/uploads\/2022\/12\/forasteros-5-scaled.jpg?fit=2560%2C1424&ssl=1","jetpack_sharing_enabled":true,"_links":{"self":[{"href":"https:\/\/cdnoticias.com\/index.php\/wp-json\/wp\/v2\/posts\/71507","targetHints":{"allow":["GET"]}}],"collection":[{"href":"https:\/\/cdnoticias.com\/index.php\/wp-json\/wp\/v2\/posts"}],"about":[{"href":"https:\/\/cdnoticias.com\/index.php\/wp-json\/wp\/v2\/types\/post"}],"author":[{"embeddable":true,"href":"https:\/\/cdnoticias.com\/index.php\/wp-json\/wp\/v2\/users\/6"}],"replies":[{"embeddable":true,"href":"https:\/\/cdnoticias.com\/index.php\/wp-json\/wp\/v2\/comments?post=71507"}],"version-history":[{"count":0,"href":"https:\/\/cdnoticias.com\/index.php\/wp-json\/wp\/v2\/posts\/71507\/revisions"}],"wp:featuredmedia":[{"embeddable":true,"href":"https:\/\/cdnoticias.com\/index.php\/wp-json\/wp\/v2\/media\/71513"}],"wp:attachment":[{"href":"https:\/\/cdnoticias.com\/index.php\/wp-json\/wp\/v2\/media?parent=71507"}],"wp:term":[{"taxonomy":"category","embeddable":true,"href":"https:\/\/cdnoticias.com\/index.php\/wp-json\/wp\/v2\/categories?post=71507"},{"taxonomy":"post_tag","embeddable":true,"href":"https:\/\/cdnoticias.com\/index.php\/wp-json\/wp\/v2\/tags?post=71507"}],"curies":[{"name":"wp","href":"https:\/\/api.w.org\/{rel}","templated":true}]}}