{"id":7147,"date":"2020-11-22T19:26:01","date_gmt":"2020-11-22T22:26:01","guid":{"rendered":"http:\/\/www.centraldenoticias.com.ar\/?p=7147"},"modified":"2020-11-23T08:09:31","modified_gmt":"2020-11-23T11:09:31","slug":"la-crisis-en-peru-en-la-mirada-de-una-olavarriense","status":"publish","type":"post","link":"https:\/\/cdnoticias.com\/index.php\/2020\/11\/22\/la-crisis-en-peru-en-la-mirada-de-una-olavarriense\/","title":{"rendered":"La crisis en Per\u00fa en la mirada de una olavarriense"},"content":{"rendered":"<p>Guillermina Marchetti es ingeniera civil y desde el a\u00f1o pasado se encuentra en el pa\u00eds Inca. Le toc\u00f3 atravesar no s\u00f3lo la pandemia, sino una crisis pol\u00edtica que vio tres presidentes en cuesti\u00f3n de d\u00edas.<\/p>\n<p><!--more--><\/p>\n<hr \/>\n<p><strong>\u201cMe hizo acordar un poco a lo que pas\u00f3 en Argentina en el 2001\u201d<\/strong>. Guillermina Marchetti es una ingeniera civil olavarriense que desde principios de a\u00f1o se encuentra trabajando en Per\u00fa. M\u00e1s all\u00e1 de los desaf\u00edos acad\u00e9micos y profesionales, sumado a los culturales que intuy\u00f3 cuando carg\u00f3 sus valijas e ilusiones en Ezeiza, le toc\u00f3 atravesar y ver situaciones que jam\u00e1s imagin\u00f3. <strong>\u201cTuve un a\u00f1o complicado, de pandemia, de crisis pol\u00edtica\u201d<\/strong>, solt\u00f3 con una sonrisa en una videollamada con <em><strong>Central de Noticias<\/strong><\/em>.<\/p>\n<p>&nbsp;<\/p>\n<p>\u201c<strong>Termin\u00e9 el doctorado el a\u00f1o pasado, ac\u00e1 estoy trabajando en el Centro de Investigaci\u00f3n de Cemento y Concreto. Es un centro en el que hacemos investigaci\u00f3n para una cementera de ac\u00e1 de Per\u00fa<\/strong>, y a su vez el centro est\u00e1 adentro de una universidad, Universidad de Ingenier\u00eda y Tecnolog\u00eda (UTEC), donde el primer semestre del a\u00f1o estuve dando clases\u201d, explic\u00f3 la ingeniera olavarriense, quien decidi\u00f3 probar experiencia en el pa\u00eds incaico tras el consejo de su codirector en la tesis doctoral, el ingeniero Fabi\u00e1n Irassar.<\/p>\n<p>&nbsp;<\/p>\n<p><img data-recalc-dims=\"1\" loading=\"lazy\" decoding=\"async\" class=\"alignnone size-large wp-image-7148\" src=\"https:\/\/i0.wp.com\/cdnoticias.com\/wp-content\/uploads\/2020\/11\/WhatsApp-Image-2020-11-19-at-22.48.05-1.jpeg?resize=800%2C600&#038;ssl=1\" alt=\"\" width=\"800\" height=\"600\" srcset=\"https:\/\/i0.wp.com\/cdnoticias.com\/wp-content\/uploads\/2020\/11\/WhatsApp-Image-2020-11-19-at-22.48.05-1.jpeg?resize=1024%2C768&amp;ssl=1 1024w, https:\/\/i0.wp.com\/cdnoticias.com\/wp-content\/uploads\/2020\/11\/WhatsApp-Image-2020-11-19-at-22.48.05-1.jpeg?resize=300%2C225&amp;ssl=1 300w, https:\/\/i0.wp.com\/cdnoticias.com\/wp-content\/uploads\/2020\/11\/WhatsApp-Image-2020-11-19-at-22.48.05-1.jpeg?resize=768%2C576&amp;ssl=1 768w, https:\/\/i0.wp.com\/cdnoticias.com\/wp-content\/uploads\/2020\/11\/WhatsApp-Image-2020-11-19-at-22.48.05-1.jpeg?w=1600&amp;ssl=1 1600w\" sizes=\"auto, (max-width: 800px) 100vw, 800px\" \/><\/p>\n<p>&nbsp;<\/p>\n<p>Su estad\u00eda en Per\u00fa se inici\u00f3 pr\u00e1cticamente con el 2020. Tan solo semanas despu\u00e9s llegar\u00eda a Am\u00e9rica la pandemia de coronavirus que a\u00fan hoy plantea el interrogante de cara a futuro. Aquel pa\u00eds fue uno de los m\u00e1s golpeados de la regi\u00f3n, en la actualidad cuenta con alrededor de un mill\u00f3n de casos y m\u00e1s de 35 mil muertes. <strong>\u201cAc\u00e1 fue bastante r\u00edgido los primeros meses. Nos encerraron, enseguida hubo toque de queda total, no se pod\u00eda salir a ning\u00fan lado\u201d<\/strong>, narr\u00f3 acerca de las medidas de confinamiento.<\/p>\n<p>&nbsp;<\/p>\n<p><strong>\u201cFue tremendo. A pesar de que la cuarentena fue muy estricta, fue muy complicado\u201d<\/strong>, a\u00f1adi\u00f3 y ubico dos factores clave para explicar el porqu\u00e9 de esa situaci\u00f3n. Por un lado el transporte p\u00fablico, \u201cque es muy deficiente\u201d, expres\u00f3. Vale destacar que ella reside en Lima, precisamente la capital peruana. El restante, la actividad en los mercados, donde la gente concurre a diario a abastecerse, que se convirtieron en los principales focos de contagio. \u201c<strong>Sobre todo en los sectores m\u00e1s vulnerables, que viven con el d\u00eda, hay mucha diferencia de precios en lo que es un hipermercado a ir a comprar al mercado al barrio, es tremenda la diferencia de precios\u201d<\/strong>, agreg\u00f3.<\/p>\n<p>&nbsp;<\/p>\n<p><em><strong>Crisis pol\u00edtica<\/strong><\/em><\/p>\n<p>&nbsp;<\/p>\n<p>No obstante, fue tambi\u00e9n la pol\u00edtica lo que en las \u00faltimas semanas hizo que las miradas de toda la regi\u00f3n se focalicen en Per\u00fa. <strong>Ha sido tal la crisis que en cuesti\u00f3n de 9 d\u00edas tres personas distintas se pusieron la banda presidencial<\/strong>, fue por ello que no escasearon las referencias o comparaciones con lo que sucedi\u00f3 en nuestro pa\u00eds a principios de siglo. Todo acompa\u00f1ado por<strong> una fuerte crisis social y manifestaciones, marco en el que adem\u00e1s se registraron muertos y desaparecidos.<\/strong><\/p>\n<p>&nbsp;<\/p>\n<p><iframe loading=\"lazy\" style=\"border: none; overflow: hidden;\" src=\"https:\/\/www.facebook.com\/plugins\/video.php?href=https%3A%2F%2Fwww.facebook.com%2FCNNee%2Fvideos%2F379657896692818%2F&amp;show_text=0&amp;width=560\" width=\"560\" height=\"315\" frameborder=\"0\" scrolling=\"no\" allowfullscreen=\"allowfullscreen\"><\/iframe><\/p>\n<p>&nbsp;<\/p>\n<p>\u201cMe hizo acordar un poco\u201d, se\u00f1al\u00f3 cuando se le consult\u00f3 acerca de esas comparaciones. Pero Guillermina ubic\u00f3 un factor clave que all\u00e1 por 2001 no exist\u00eda, o que al menos para estas latitudes era apenas incipiente, que son las redes sociales. Seg\u00fan subray\u00f3, toda la convocatoria para las movilizaciones se llev\u00f3 a cabo ya sea por Twitter, Facebook o Instagram. Y all\u00ed tambi\u00e9n posicion\u00f3 otro actor clave, la juventud. <strong>\u201cQuienes lideraron toda esta movida de la marcha fueron fundamentalmente los j\u00f3venes\u201d<\/strong>, expres\u00f3.<\/p>\n<p>&nbsp;<\/p>\n<p><strong>Por estos d\u00edas el presidente interino es Francisco Sagasti, quien -en caso de no darse una nueva revuelta- ostentar\u00e1 el poder hasta las elecciones generales pautadas para el mes de abril de 2021<\/strong>. Pero, hace tan s\u00f3lo algo m\u00e1s de una semana el presidente era Mart\u00edn Vizcarra, quien fue destituido por el Congreso debido a una serie de denuncias de corrupci\u00f3n en su contra. Su cargo fue ocupado por Manuel Merino de Lama, todo enmarcado en un estallido social que hizo que 6 d\u00edas despu\u00e9s renunciara a la presidencia.<\/p>\n<p>&nbsp;<\/p>\n<p><img data-recalc-dims=\"1\" loading=\"lazy\" decoding=\"async\" class=\"alignnone size-large wp-image-7153\" src=\"https:\/\/i0.wp.com\/cdnoticias.com\/wp-content\/uploads\/2020\/11\/PER%C3%9A-1-1024x576.jpg?resize=800%2C450&#038;ssl=1\" alt=\"\" width=\"800\" height=\"450\" srcset=\"https:\/\/i0.wp.com\/cdnoticias.com\/wp-content\/uploads\/2020\/11\/PER%C3%9A-1.jpg?resize=1024%2C576&amp;ssl=1 1024w, https:\/\/i0.wp.com\/cdnoticias.com\/wp-content\/uploads\/2020\/11\/PER%C3%9A-1.jpg?resize=300%2C169&amp;ssl=1 300w, https:\/\/i0.wp.com\/cdnoticias.com\/wp-content\/uploads\/2020\/11\/PER%C3%9A-1.jpg?resize=768%2C432&amp;ssl=1 768w, https:\/\/i0.wp.com\/cdnoticias.com\/wp-content\/uploads\/2020\/11\/PER%C3%9A-1.jpg?w=1280&amp;ssl=1 1280w\" sizes=\"auto, (max-width: 800px) 100vw, 800px\" \/><\/p>\n<p>&nbsp;<\/p>\n<p><strong>\u201cUna locura que en plena pandemia, con un golpe tremendo en la econom\u00eda, sacaran al presidente de esa manera\u201d<\/strong>, expres\u00f3 la ingeniera olavarriense a medida que repasaba c\u00f3mo en balcones, autos o pintadas la sociedad peruana hizo ver su descontento y rechazo hacia la figura de Merino. \u201cLa gente se hizo notar, se hizo escuchar, est\u00e1 cansada de la corrupci\u00f3n\u201d, agreg\u00f3.<\/p>\n<p>&nbsp;<\/p>\n<p>Sobre Sagasti consider\u00f3 que \u201ctiene un esp\u00edritu bastante conciliador, fue bien aceptado. Esperemos que al menos haya paz hasta esa \u00e9poca cuando puedan elegir a un presidente\u201d. <strong>\u201cEs importante destacar, y es lo que estamos viviendo en Latinoam\u00e9rica. El pueblo no se calla m\u00e1s, sale a manifestarse, a hacer valer sus derechos, eso es lo m\u00e1s importante e interesante para m\u00ed, sobre todo los jovenes\u201d<\/strong>, finaliz\u00f3.<\/p>\n<p>&nbsp;<\/p>\n<p><strong>\u201cVoy a ver si puedo recorrer un poquito\u201d<\/strong><\/p>\n<p>&nbsp;<\/p>\n<p>La pandemia sin dudas complic\u00f3 tambi\u00e9n cualquier plan vinculado a conocer un pa\u00eds sumamente rico en cuanto a lo tur\u00edstico. El lugar donde reside, en el distrito del Barranco, es cercano al conocido Malec\u00f3n de Miraflores, es decir las costas con el oc\u00e9ano Pac\u00edfico, por lo que su deseo es ahora <strong>adentrarse en la parte continental peruana, donde se encuentran bellos paisajes y toda la historia de la civilizaci\u00f3n Inca<\/strong>.<\/p>\n<p>&nbsp;<\/p>\n<p>\u201cYa saqu\u00e9 mis ticket con tiempo\u201d, dijo sobre el plan de ir a conocer Machu Picchu, que reabri\u00f3 sus puertas en noviembre. Los protocolos y medidas sanitarias hacen que el cupo de turistas sea a\u00fan m\u00e1s reducido. <strong>\u201cVoy a ver si puedo recorrer un poquito\u201d<\/strong>, se ilusion\u00f3.<\/p>\n<p>&nbsp;<\/p>\n<p><img data-recalc-dims=\"1\" loading=\"lazy\" decoding=\"async\" class=\"alignnone size-large wp-image-7154\" src=\"https:\/\/i0.wp.com\/cdnoticias.com\/wp-content\/uploads\/2020\/11\/Machu-Picchu.jpg?resize=800%2C450&#038;ssl=1\" alt=\"\" width=\"800\" height=\"450\" srcset=\"https:\/\/i0.wp.com\/cdnoticias.com\/wp-content\/uploads\/2020\/11\/Machu-Picchu.jpg?resize=1024%2C576&amp;ssl=1 1024w, https:\/\/i0.wp.com\/cdnoticias.com\/wp-content\/uploads\/2020\/11\/Machu-Picchu.jpg?resize=300%2C169&amp;ssl=1 300w, https:\/\/i0.wp.com\/cdnoticias.com\/wp-content\/uploads\/2020\/11\/Machu-Picchu.jpg?resize=768%2C432&amp;ssl=1 768w, https:\/\/i0.wp.com\/cdnoticias.com\/wp-content\/uploads\/2020\/11\/Machu-Picchu.jpg?w=1920&amp;ssl=1 1920w, https:\/\/i0.wp.com\/cdnoticias.com\/wp-content\/uploads\/2020\/11\/Machu-Picchu.jpg?w=1600&amp;ssl=1 1600w\" sizes=\"auto, (max-width: 800px) 100vw, 800px\" \/><\/p>\n<p>&nbsp;<\/p>\n<p><strong>\u201cEstoy enamorada de Lima<\/strong>, quiera quedarme, me encanta. Me han tratado siempre muy bien, muy contenta con la gente peruana. Amo la comida peruana, vivir\u00eda comiendo ceviche\u201d, enfatiz\u00f3 sonriendo.<\/p>\n<p>&nbsp;<\/p>\n<p>Por \u00faltimo, sobre su regreso a la Argentina se\u00f1al\u00f3 que ser\u00e1 en enero y que seguir\u00e1 investigando y trabajando en la Facultad de Ingenier\u00eda de nuestra ciudad, donde no s\u00f3lo tiene un cargo docente, sino adem\u00e1s una beca postdoctoral de Conicet.<strong> \u201cPese a todo estoy muy agradecida de lo que estoy viviendo ac\u00e1 y de poder seguir investigando all\u00e1\u201d<\/strong>, finaliz\u00f3.<\/p>\n","protected":false},"excerpt":{"rendered":"<p>Guillermina Marchetti es ingeniera civil y desde el a\u00f1o pasado se encuentra en el pa\u00eds Inca. Le toc\u00f3 atravesar no<\/p>\n","protected":false},"author":3,"featured_media":7149,"comment_status":"closed","ping_status":"closed","sticky":false,"template":"","format":"standard","meta":{"_jetpack_memberships_contains_paid_content":false,"footnotes":""},"categories":[5,1],"tags":[],"class_list":["post-7147","post","type-post","status-publish","format-standard","has-post-thumbnail","hentry","category-informacion-general","category-portada"],"jetpack_featured_media_url":"https:\/\/i0.wp.com\/cdnoticias.com\/wp-content\/uploads\/2020\/11\/WhatsApp-Image-2020-11-19-at-22.48.05-e1606060530598.jpeg?fit=1172%2C924&ssl=1","jetpack_sharing_enabled":true,"_links":{"self":[{"href":"https:\/\/cdnoticias.com\/index.php\/wp-json\/wp\/v2\/posts\/7147","targetHints":{"allow":["GET"]}}],"collection":[{"href":"https:\/\/cdnoticias.com\/index.php\/wp-json\/wp\/v2\/posts"}],"about":[{"href":"https:\/\/cdnoticias.com\/index.php\/wp-json\/wp\/v2\/types\/post"}],"author":[{"embeddable":true,"href":"https:\/\/cdnoticias.com\/index.php\/wp-json\/wp\/v2\/users\/3"}],"replies":[{"embeddable":true,"href":"https:\/\/cdnoticias.com\/index.php\/wp-json\/wp\/v2\/comments?post=7147"}],"version-history":[{"count":0,"href":"https:\/\/cdnoticias.com\/index.php\/wp-json\/wp\/v2\/posts\/7147\/revisions"}],"wp:featuredmedia":[{"embeddable":true,"href":"https:\/\/cdnoticias.com\/index.php\/wp-json\/wp\/v2\/media\/7149"}],"wp:attachment":[{"href":"https:\/\/cdnoticias.com\/index.php\/wp-json\/wp\/v2\/media?parent=7147"}],"wp:term":[{"taxonomy":"category","embeddable":true,"href":"https:\/\/cdnoticias.com\/index.php\/wp-json\/wp\/v2\/categories?post=7147"},{"taxonomy":"post_tag","embeddable":true,"href":"https:\/\/cdnoticias.com\/index.php\/wp-json\/wp\/v2\/tags?post=7147"}],"curies":[{"name":"wp","href":"https:\/\/api.w.org\/{rel}","templated":true}]}}