{"id":71420,"date":"2022-12-01T07:53:50","date_gmt":"2022-12-01T10:53:50","guid":{"rendered":"https:\/\/www.centraldenoticias.com.ar\/?p=71420"},"modified":"2022-12-01T07:53:50","modified_gmt":"2022-12-01T10:53:50","slug":"carmelo-domingo-liotta-q-e-p-d","status":"publish","type":"post","link":"https:\/\/cdnoticias.com\/index.php\/2022\/12\/01\/carmelo-domingo-liotta-q-e-p-d\/","title":{"rendered":"Carmelo Domingo Liotta (Q.E.P.D.)"},"content":{"rendered":"<p>Falleci\u00f3 en Villa Alfredo Fortabat el 1 de diciembre de 2022 a los 92 a\u00f1os de edad. Sus hijos Mercedes, Lidia, Rosana y Nora. Sus nietos Gabriel, Bel\u00e9n, Hern\u00e1n y Juliana D\u00edaz; Nazareno Liotta, Franco y Rodrigo Alves; Maria Catena y Marco Liotta. Sus bisnietos. Sus hermanos y dem\u00e1s deudos participan de su fallecimiento.<\/p>\n<p>&nbsp;<\/p>\n<p>Sus restos ser\u00e1n velados en Espa\u00f1a 2942 departamento &#8221;C&#8221; (comienza este jueves 1 de diciembre a las 8:30) y ser\u00e1n inhumados a las 14:30 en el cementerio Loma de Paz, previo responso en la capilla ardiente. Servicio adherido a Coopelectric. Vecino de Villa Alfredo Fortabat. Jubilado y Pensionado.<\/p>\n","protected":false},"excerpt":{"rendered":"<p>Falleci\u00f3 en Villa Alfredo Fortabat el 1 de diciembre de 2022 a los 92 a\u00f1os de edad. Sus hijos Mercedes,<\/p>\n","protected":false},"author":5,"featured_media":67646,"comment_status":"closed","ping_status":"closed","sticky":false,"template":"","format":"standard","meta":{"_jetpack_memberships_contains_paid_content":false,"footnotes":""},"categories":[10],"tags":[],"class_list":["post-71420","post","type-post","status-publish","format-standard","has-post-thumbnail","hentry","category-necrologicas"],"jetpack_featured_media_url":"https:\/\/i0.wp.com\/cdnoticias.com\/wp-content\/uploads\/2022\/10\/necrologicas-390-x-240.jpg?fit=390%2C240&ssl=1","jetpack_sharing_enabled":true,"_links":{"self":[{"href":"https:\/\/cdnoticias.com\/index.php\/wp-json\/wp\/v2\/posts\/71420","targetHints":{"allow":["GET"]}}],"collection":[{"href":"https:\/\/cdnoticias.com\/index.php\/wp-json\/wp\/v2\/posts"}],"about":[{"href":"https:\/\/cdnoticias.com\/index.php\/wp-json\/wp\/v2\/types\/post"}],"author":[{"embeddable":true,"href":"https:\/\/cdnoticias.com\/index.php\/wp-json\/wp\/v2\/users\/5"}],"replies":[{"embeddable":true,"href":"https:\/\/cdnoticias.com\/index.php\/wp-json\/wp\/v2\/comments?post=71420"}],"version-history":[{"count":0,"href":"https:\/\/cdnoticias.com\/index.php\/wp-json\/wp\/v2\/posts\/71420\/revisions"}],"wp:featuredmedia":[{"embeddable":true,"href":"https:\/\/cdnoticias.com\/index.php\/wp-json\/wp\/v2\/media\/67646"}],"wp:attachment":[{"href":"https:\/\/cdnoticias.com\/index.php\/wp-json\/wp\/v2\/media?parent=71420"}],"wp:term":[{"taxonomy":"category","embeddable":true,"href":"https:\/\/cdnoticias.com\/index.php\/wp-json\/wp\/v2\/categories?post=71420"},{"taxonomy":"post_tag","embeddable":true,"href":"https:\/\/cdnoticias.com\/index.php\/wp-json\/wp\/v2\/tags?post=71420"}],"curies":[{"name":"wp","href":"https:\/\/api.w.org\/{rel}","templated":true}]}}