{"id":71418,"date":"2022-12-01T07:50:29","date_gmt":"2022-12-01T10:50:29","guid":{"rendered":"https:\/\/www.centraldenoticias.com.ar\/?p=71418"},"modified":"2022-12-01T07:50:29","modified_gmt":"2022-12-01T10:50:29","slug":"hector-larreche-negro-q-e-p-d","status":"publish","type":"post","link":"https:\/\/cdnoticias.com\/index.php\/2022\/12\/01\/hector-larreche-negro-q-e-p-d\/","title":{"rendered":"H\u00e9ctor Larreche \u201cNegro\u201d (Q.E.P.D.)"},"content":{"rendered":"<p>Falleci\u00f3 en Capital Federal el d\u00eda 30 de noviembre de 2022 a los 68 a\u00f1os de edad. Su pareja Mariel Fern\u00e1ndez. Sus hijos Juan Ignacio, Mart\u00edn y Mar\u00eda Eugenia Larreche. Su hermano Sergio Gustavo Larreche. Sus sobrinos Mar\u00eda Mercedes, Mar\u00eda Roc\u00edo y Mar\u00eda Victoria Larreche. Sus sobrinos-nietos Fausto y Ram\u00f3n. Sus sobrinos pol\u00edticos y dem\u00e1s deudos participan su fallecimiento.<\/p>\n<p>&nbsp;<\/p>\n<p>Sus restos ser\u00e1n velados en Espa\u00f1a 2942 Sala &#8220;E&#8221; (el velatorio comienza este jueves 1 de diciembre a las 9:30) y ser\u00e1n inhumados en el cementerio Loma de Paz a las 11:30. Servicio adherido a Coopelectric. Vecino de Microcentro. Nacido en Olavarr\u00eda. Veterinario. Pol\u00edtico. Jubilado.<\/p>\n","protected":false},"excerpt":{"rendered":"<p>Falleci\u00f3 en Capital Federal el d\u00eda 30 de noviembre de 2022 a los 68 a\u00f1os de edad. Su pareja Mariel<\/p>\n","protected":false},"author":5,"featured_media":67646,"comment_status":"closed","ping_status":"closed","sticky":false,"template":"","format":"standard","meta":{"_jetpack_memberships_contains_paid_content":false,"footnotes":""},"categories":[10],"tags":[],"class_list":["post-71418","post","type-post","status-publish","format-standard","has-post-thumbnail","hentry","category-necrologicas"],"jetpack_featured_media_url":"https:\/\/i0.wp.com\/cdnoticias.com\/wp-content\/uploads\/2022\/10\/necrologicas-390-x-240.jpg?fit=390%2C240&ssl=1","jetpack_sharing_enabled":true,"_links":{"self":[{"href":"https:\/\/cdnoticias.com\/index.php\/wp-json\/wp\/v2\/posts\/71418","targetHints":{"allow":["GET"]}}],"collection":[{"href":"https:\/\/cdnoticias.com\/index.php\/wp-json\/wp\/v2\/posts"}],"about":[{"href":"https:\/\/cdnoticias.com\/index.php\/wp-json\/wp\/v2\/types\/post"}],"author":[{"embeddable":true,"href":"https:\/\/cdnoticias.com\/index.php\/wp-json\/wp\/v2\/users\/5"}],"replies":[{"embeddable":true,"href":"https:\/\/cdnoticias.com\/index.php\/wp-json\/wp\/v2\/comments?post=71418"}],"version-history":[{"count":0,"href":"https:\/\/cdnoticias.com\/index.php\/wp-json\/wp\/v2\/posts\/71418\/revisions"}],"wp:featuredmedia":[{"embeddable":true,"href":"https:\/\/cdnoticias.com\/index.php\/wp-json\/wp\/v2\/media\/67646"}],"wp:attachment":[{"href":"https:\/\/cdnoticias.com\/index.php\/wp-json\/wp\/v2\/media?parent=71418"}],"wp:term":[{"taxonomy":"category","embeddable":true,"href":"https:\/\/cdnoticias.com\/index.php\/wp-json\/wp\/v2\/categories?post=71418"},{"taxonomy":"post_tag","embeddable":true,"href":"https:\/\/cdnoticias.com\/index.php\/wp-json\/wp\/v2\/tags?post=71418"}],"curies":[{"name":"wp","href":"https:\/\/api.w.org\/{rel}","templated":true}]}}