{"id":71344,"date":"2022-12-01T17:30:56","date_gmt":"2022-12-01T20:30:56","guid":{"rendered":"https:\/\/www.centraldenoticias.com.ar\/?p=71344"},"modified":"2022-12-01T17:30:56","modified_gmt":"2022-12-01T20:30:56","slug":"cominotto-repudio-el-homenaje-del-gobierno-nacional-a-gines-gonzalez-garcia","status":"publish","type":"post","link":"https:\/\/cdnoticias.com\/index.php\/2022\/12\/01\/cominotto-repudio-el-homenaje-del-gobierno-nacional-a-gines-gonzalez-garcia\/","title":{"rendered":"Cominotto repudi\u00f3 el homenaje del gobierno nacional a Gin\u00e9s Gonz\u00e1lez Garc\u00eda"},"content":{"rendered":"<p>El dirigente de Evoluci\u00f3n Radical indic\u00f3 que \u201ccuando nuestros conciudadanos fenec\u00edan, el llev\u00f3 adelante un plan de vacunaci\u00f3n vergonzoso y repudiable\u201d.<!--more--><\/p>\n<hr \/>\n<p>El dirigente de <strong>Evoluci\u00f3n Radical<\/strong> y actual<strong> secretario del Comit\u00e9 Provincial de la UCR<\/strong>, Franco Cominotto, manifest\u00f3 su repudio al homenaje realizado por el gobierno nacional al ex ministro de Salud de la Naci\u00f3n Gin\u00e9s Gonz\u00e1lez Garc\u00eda por sus \u201c20 a\u00f1os de pol\u00edticas p\u00fablicas sanitarias\u201d.<\/p>\n<p>&nbsp;<\/p>\n<p>Cominotto indic\u00f3 que \u201cno es por un impacto positivo en la salud, sino el reconocer los beneficios de un sector privilegiado en lugar de un Estado al servicio de los argentinos\u201d en referencia al esc\u00e1ndalo conocido como <strong>Vacunatorio VIP.<\/strong><\/p>\n<p>&nbsp;<\/p>\n<blockquote><p>Adem\u00e1s, se\u00f1al\u00f3 que \u201ccuando nuestros conciudadanos fenec\u00edan, el llev\u00f3 adelante un plan de vacunaci\u00f3n vergonzoso y repudiable para un pa\u00eds en democracia\u201d.<\/p><\/blockquote>\n<p>&nbsp;<\/p>\n<p>\u201cDesde aquel Nunca M\u00e1s en la Argentina no hay lugar para privilegios, debemos construir todos los d\u00edas un pa\u00eds de iguales\u201d, cerr\u00f3 el referente de la UCR Olavarr\u00eda.<\/p>\n","protected":false},"excerpt":{"rendered":"<p>El dirigente de Evoluci\u00f3n Radical indic\u00f3 que \u201ccuando nuestros conciudadanos fenec\u00edan, el llev\u00f3 adelante un plan de vacunaci\u00f3n vergonzoso y<\/p>\n","protected":false},"author":5,"featured_media":71345,"comment_status":"closed","ping_status":"closed","sticky":false,"template":"","format":"standard","meta":{"_jetpack_memberships_contains_paid_content":false,"footnotes":""},"categories":[4,1],"tags":[],"class_list":["post-71344","post","type-post","status-publish","format-standard","has-post-thumbnail","hentry","category-politica","category-portada"],"jetpack_featured_media_url":"https:\/\/i0.wp.com\/cdnoticias.com\/wp-content\/uploads\/2022\/11\/cominotto.jpg?fit=1280%2C718&ssl=1","jetpack_sharing_enabled":true,"_links":{"self":[{"href":"https:\/\/cdnoticias.com\/index.php\/wp-json\/wp\/v2\/posts\/71344","targetHints":{"allow":["GET"]}}],"collection":[{"href":"https:\/\/cdnoticias.com\/index.php\/wp-json\/wp\/v2\/posts"}],"about":[{"href":"https:\/\/cdnoticias.com\/index.php\/wp-json\/wp\/v2\/types\/post"}],"author":[{"embeddable":true,"href":"https:\/\/cdnoticias.com\/index.php\/wp-json\/wp\/v2\/users\/5"}],"replies":[{"embeddable":true,"href":"https:\/\/cdnoticias.com\/index.php\/wp-json\/wp\/v2\/comments?post=71344"}],"version-history":[{"count":0,"href":"https:\/\/cdnoticias.com\/index.php\/wp-json\/wp\/v2\/posts\/71344\/revisions"}],"wp:featuredmedia":[{"embeddable":true,"href":"https:\/\/cdnoticias.com\/index.php\/wp-json\/wp\/v2\/media\/71345"}],"wp:attachment":[{"href":"https:\/\/cdnoticias.com\/index.php\/wp-json\/wp\/v2\/media?parent=71344"}],"wp:term":[{"taxonomy":"category","embeddable":true,"href":"https:\/\/cdnoticias.com\/index.php\/wp-json\/wp\/v2\/categories?post=71344"},{"taxonomy":"post_tag","embeddable":true,"href":"https:\/\/cdnoticias.com\/index.php\/wp-json\/wp\/v2\/tags?post=71344"}],"curies":[{"name":"wp","href":"https:\/\/api.w.org\/{rel}","templated":true}]}}