{"id":7133,"date":"2020-11-22T11:21:18","date_gmt":"2020-11-22T14:21:18","guid":{"rendered":"http:\/\/www.centraldenoticias.com.ar\/?p=7133"},"modified":"2020-11-22T18:31:55","modified_gmt":"2020-11-22T21:31:55","slug":"los-concejales-le-dan-la-espalda-a-los-vecinos","status":"publish","type":"post","link":"https:\/\/cdnoticias.com\/index.php\/2020\/11\/22\/los-concejales-le-dan-la-espalda-a-los-vecinos\/","title":{"rendered":"\u201cLos concejales le dan la espalda a los vecinos\u201d"},"content":{"rendered":"<p>As\u00ed se reproch\u00f3 desde la Asamblea por la vivienda, desde donde se enfatiz\u00f3 que este jueves se movilizar\u00e1n a la sesi\u00f3n del Concejo Deliberante.<\/p>\n<p><!--more--><\/p>\n<hr \/>\n<p>En la jornada del \u00faltimo s\u00e1bado se realiz\u00f3 una nueva asamblea por la vivienda, la octava, pero no hab\u00eda sido pautada como una m\u00e1s. D\u00edas antes, m\u00e1s precisamente el lunes anterior, un grupo de referentes se hab\u00eda acercado al Concejo Deliberante para dialogar con los ediles locales e invitarlos a ser parte. <strong>\u201cEl objetivo era presentarles nuestro proyecto de construcci\u00f3n de 500 viviendas. Y proponerles incluir en el Presupuesto 2021, presentado por el Intendente Galli, recursos reales para poner en marcha un Plan de Viviendas y as\u00ed empezar a solucionar el tremendo d\u00e9ficit habitacional de nuestra ciudad\u201d<\/strong>, se enfatiz\u00f3.<\/p>\n<p>&nbsp;<\/p>\n<p>Sin embargo, nada de ello sucedi\u00f3.<strong> \u201cLamentablemente los concejales dieron la espalda a la invitaci\u00f3n\u201d<\/strong>, se reproch\u00f3 desde la Asamblea en un comunicado emitido en las \u00faltimas horas.<\/p>\n<p>&nbsp;<\/p>\n<p><img data-recalc-dims=\"1\" loading=\"lazy\" decoding=\"async\" class=\"alignnone size-large wp-image-7136\" src=\"https:\/\/i0.wp.com\/cdnoticias.com\/wp-content\/uploads\/2020\/11\/WhatsApp-Image-2020-11-22-at-09.39.36.jpeg?resize=800%2C600&#038;ssl=1\" alt=\"\" width=\"800\" height=\"600\" srcset=\"https:\/\/i0.wp.com\/cdnoticias.com\/wp-content\/uploads\/2020\/11\/WhatsApp-Image-2020-11-22-at-09.39.36.jpeg?resize=1024%2C768&amp;ssl=1 1024w, https:\/\/i0.wp.com\/cdnoticias.com\/wp-content\/uploads\/2020\/11\/WhatsApp-Image-2020-11-22-at-09.39.36.jpeg?resize=300%2C225&amp;ssl=1 300w, https:\/\/i0.wp.com\/cdnoticias.com\/wp-content\/uploads\/2020\/11\/WhatsApp-Image-2020-11-22-at-09.39.36.jpeg?resize=768%2C576&amp;ssl=1 768w, https:\/\/i0.wp.com\/cdnoticias.com\/wp-content\/uploads\/2020\/11\/WhatsApp-Image-2020-11-22-at-09.39.36.jpeg?w=1280&amp;ssl=1 1280w\" sizes=\"auto, (max-width: 800px) 100vw, 800px\" \/><\/p>\n<p>&nbsp;<\/p>\n<p>\u201c<strong>Los vecinos que participamos de la misma pudimos comprobar lo poco que les interesa resolver la crisis habitacional<\/strong>. La propuesta de Galli de construir 40 viviendas en el plazo de 3 a\u00f1os es una burla. Y son los concejales los que deber\u00edan modificar esto e incluir fondos genuinos para la vivienda. Por lo visto no es parte de su preocupaci\u00f3n\u201d, a\u00f1adieron.<\/p>\n<p>&nbsp;<\/p>\n<p>No obstante, se puso el acento en que \u201cla asamblea es cada vez m\u00e1s numerosa y representativa\u201d y se enumer\u00f3, por ejemplo, la presencia de personas que cobran $ 12 mil de pensi\u00f3n por discapacidad y pagan $11mil de alquileres. <strong>\u201cBasados en este flagelo social que significa pasar hambre y estar en vilo ante un desalojo, es que la Asamblea vot\u00f3 movilizarse el jueves 26 a las 9 a la sesi\u00f3n de Concejo Deliberante para que reciban y escuchen nuestra propuesta. \u00a1Invitamos a todos los vecinos y vecinas a movilizarse y exigir Plan de Viviendas!\u201d<\/strong>, concluyeron.<\/p>\n","protected":false},"excerpt":{"rendered":"<p>As\u00ed se reproch\u00f3 desde la Asamblea por la vivienda, desde donde se enfatiz\u00f3 que este jueves se movilizar\u00e1n a la<\/p>\n","protected":false},"author":3,"featured_media":7134,"comment_status":"closed","ping_status":"closed","sticky":false,"template":"","format":"standard","meta":{"_jetpack_memberships_contains_paid_content":false,"footnotes":""},"categories":[4,1],"tags":[],"class_list":["post-7133","post","type-post","status-publish","format-standard","has-post-thumbnail","hentry","category-politica","category-portada"],"jetpack_featured_media_url":"https:\/\/i0.wp.com\/cdnoticias.com\/wp-content\/uploads\/2020\/11\/WhatsApp-Image-2020-11-22-at-09.39.40.jpeg?fit=1040%2C780&ssl=1","jetpack_sharing_enabled":true,"_links":{"self":[{"href":"https:\/\/cdnoticias.com\/index.php\/wp-json\/wp\/v2\/posts\/7133","targetHints":{"allow":["GET"]}}],"collection":[{"href":"https:\/\/cdnoticias.com\/index.php\/wp-json\/wp\/v2\/posts"}],"about":[{"href":"https:\/\/cdnoticias.com\/index.php\/wp-json\/wp\/v2\/types\/post"}],"author":[{"embeddable":true,"href":"https:\/\/cdnoticias.com\/index.php\/wp-json\/wp\/v2\/users\/3"}],"replies":[{"embeddable":true,"href":"https:\/\/cdnoticias.com\/index.php\/wp-json\/wp\/v2\/comments?post=7133"}],"version-history":[{"count":0,"href":"https:\/\/cdnoticias.com\/index.php\/wp-json\/wp\/v2\/posts\/7133\/revisions"}],"wp:featuredmedia":[{"embeddable":true,"href":"https:\/\/cdnoticias.com\/index.php\/wp-json\/wp\/v2\/media\/7134"}],"wp:attachment":[{"href":"https:\/\/cdnoticias.com\/index.php\/wp-json\/wp\/v2\/media?parent=7133"}],"wp:term":[{"taxonomy":"category","embeddable":true,"href":"https:\/\/cdnoticias.com\/index.php\/wp-json\/wp\/v2\/categories?post=7133"},{"taxonomy":"post_tag","embeddable":true,"href":"https:\/\/cdnoticias.com\/index.php\/wp-json\/wp\/v2\/tags?post=7133"}],"curies":[{"name":"wp","href":"https:\/\/api.w.org\/{rel}","templated":true}]}}