{"id":71299,"date":"2022-12-02T18:01:29","date_gmt":"2022-12-02T21:01:29","guid":{"rendered":"https:\/\/www.centraldenoticias.com.ar\/?p=71299"},"modified":"2022-12-02T18:01:29","modified_gmt":"2022-12-02T21:01:29","slug":"40-anos-de-la-gesta-de-malvinas-acto-conmemorativo","status":"publish","type":"post","link":"https:\/\/cdnoticias.com\/index.php\/2022\/12\/02\/40-anos-de-la-gesta-de-malvinas-acto-conmemorativo\/","title":{"rendered":"40 a\u00f1os de la Gesta de Malvinas: acto conmemorativo"},"content":{"rendered":"<p>Ser\u00e1 este s\u00e1bado 3 de diciembre en el monumento \u201cMalvinas, H\u00e9roes y Veteranos de la Guerra\u201d. <!--more--><\/p>\n<hr \/>\n<p>Este<strong> s\u00e1bado 3 de diciembre<\/strong> se realizar\u00e1 un <strong>acto conmemorativo en el marco de los 40 a\u00f1os de la Gesta de Malvinas<\/strong>; organizado por la Municipalidad de Olavarr\u00eda en conjunto con la <strong>Agrupaci\u00f3n Veteranos de Guerra 2 de Abril.<\/strong><\/p>\n<p>&nbsp;<\/p>\n<p>El acto se llevar\u00e1 a cabo<strong> a partir de las 11 horas en el monumento \u201cMalvinas, H\u00e9roes y Veteranos de la Guerra\u201d,<\/strong> ubicado en 9 de Julio y Juan Pablo I, Loma Negra.<\/p>\n<p>&nbsp;<\/p>\n<p>En esta ocasi\u00f3n <strong>se har\u00e1 entrega de medallas a veteranos y familiares de ca\u00eddos en Malvinas; en nombre de Presidencia de la Naci\u00f3n<\/strong>, coordinada por la Secretar\u00eda de Malvinas, Ant\u00e1rtida y Atl\u00e1ntico Sur de la Canciller\u00eda en su car\u00e1cter de Coordinadora de la mesa Interministerial, en conjunto con los Ministerios de Defensa, Interior, Cultura y Justicia y Derechos Humanos. Asimismo se rendir\u00e1 homenaje con la inauguraci\u00f3n de la Hortensia de 649 p\u00e9talos, uno por cada h\u00e9roe que dej\u00f3 su vida en Malvinas e Islas del Atl\u00e1ntico Sur.<\/p>\n<p>&nbsp;<\/p>\n<p>Esta obra, creaci\u00f3n en <strong>honor a los H\u00e9roes de la Patria, fue realizada por el taller de Artesan\u00edas AF,<\/strong> de la Prof. Andrea Hipedinger y sus alumnas; en base a la idea original de Silvia Kuhn. Las artesanas que conformaron este trabajo son: Alicia Proveda, Olga Go\u00f1i, Malvina G\u00f3mez, Marisa Frascaroli, N\u00e9lida Peralta, Cristina Coss, Elida H. de Vieira, Susana Joaqu\u00edn, Claudia Velaz, Graciela Mela, Y\u00e9sica Duhau, Roc\u00edo Arce, Mar\u00eda Eugenia Moran, Guillermina Frassacaro, Ana Iturregui, Carolina Rey, Andrea Rodr\u00edguez, Adriana Santell\u00e1n y Carola Giammatolo.<\/p>\n","protected":false},"excerpt":{"rendered":"<p>Ser\u00e1 este s\u00e1bado 3 de diciembre en el monumento \u201cMalvinas, H\u00e9roes y Veteranos de la Guerra\u201d.<\/p>\n","protected":false},"author":6,"featured_media":71300,"comment_status":"closed","ping_status":"closed","sticky":false,"template":"","format":"standard","meta":{"_jetpack_memberships_contains_paid_content":false,"footnotes":""},"categories":[5,1],"tags":[],"class_list":["post-71299","post","type-post","status-publish","format-standard","has-post-thumbnail","hentry","category-informacion-general","category-portada"],"jetpack_featured_media_url":"https:\/\/i0.wp.com\/cdnoticias.com\/wp-content\/uploads\/2022\/11\/Acto-Malvinas-40-anos-11-1024x685-1.jpg?fit=1024%2C685&ssl=1","jetpack_sharing_enabled":true,"_links":{"self":[{"href":"https:\/\/cdnoticias.com\/index.php\/wp-json\/wp\/v2\/posts\/71299","targetHints":{"allow":["GET"]}}],"collection":[{"href":"https:\/\/cdnoticias.com\/index.php\/wp-json\/wp\/v2\/posts"}],"about":[{"href":"https:\/\/cdnoticias.com\/index.php\/wp-json\/wp\/v2\/types\/post"}],"author":[{"embeddable":true,"href":"https:\/\/cdnoticias.com\/index.php\/wp-json\/wp\/v2\/users\/6"}],"replies":[{"embeddable":true,"href":"https:\/\/cdnoticias.com\/index.php\/wp-json\/wp\/v2\/comments?post=71299"}],"version-history":[{"count":0,"href":"https:\/\/cdnoticias.com\/index.php\/wp-json\/wp\/v2\/posts\/71299\/revisions"}],"wp:featuredmedia":[{"embeddable":true,"href":"https:\/\/cdnoticias.com\/index.php\/wp-json\/wp\/v2\/media\/71300"}],"wp:attachment":[{"href":"https:\/\/cdnoticias.com\/index.php\/wp-json\/wp\/v2\/media?parent=71299"}],"wp:term":[{"taxonomy":"category","embeddable":true,"href":"https:\/\/cdnoticias.com\/index.php\/wp-json\/wp\/v2\/categories?post=71299"},{"taxonomy":"post_tag","embeddable":true,"href":"https:\/\/cdnoticias.com\/index.php\/wp-json\/wp\/v2\/tags?post=71299"}],"curies":[{"name":"wp","href":"https:\/\/api.w.org\/{rel}","templated":true}]}}