{"id":71290,"date":"2022-11-29T18:02:10","date_gmt":"2022-11-29T21:02:10","guid":{"rendered":"https:\/\/www.centraldenoticias.com.ar\/?p=71290"},"modified":"2022-11-29T18:56:34","modified_gmt":"2022-11-29T21:56:34","slug":"siniestro-vial-un-conductor-fallecio-y-se-donaron-sus-organos","status":"publish","type":"post","link":"https:\/\/cdnoticias.com\/index.php\/2022\/11\/29\/siniestro-vial-un-conductor-fallecio-y-se-donaron-sus-organos\/","title":{"rendered":"Siniestro vial: un conductor falleci\u00f3 y se donaron sus \u00f3rganos"},"content":{"rendered":"<p>El accidente ocurri\u00f3 en la ciudad de Azul. El Aer\u00f3dromo municipal Olavarr\u00eda particip\u00f3 del proceso de traslado. <!--more--><\/p>\n<hr \/>\n<p>Un <strong>conductor de 35 a\u00f1os falleci\u00f3 el \u00faltimo lunes en un siniestro vial<\/strong> el pasado s\u00e1bado en la <strong>ciudad de Azul,<\/strong> espec\u00edficamente en avenida Pellegrini y las calles Fuerte Federaci\u00f3n y Santa Cruz.<\/p>\n<p>&nbsp;<\/p>\n<p>El <strong>choque <\/strong>ocurri\u00f3 a las<strong> 23:30 <\/strong>entre una <strong>motocicleta Brava 11o CC que colision\u00f3 con una bicicleta Mountain Bike<\/strong> que trasladaba una pareja de j\u00f3venes. <strong>El motociclista fallecido fue identificado como Maximiliano Rodrigo Villagra.<\/strong><\/p>\n<p>&nbsp;<\/p>\n<p>Los<strong> ocupantes de la bicicleta<\/strong> fueron identificados como Enzo Mat\u00edas Rivarola Irigoyt\u00eda y Anah\u00ed Gonz\u00e1lez Ort\u00edz, ambos de 19 a\u00f1os, quienes <strong>resultaron ilesos.<\/strong><\/p>\n<p>&nbsp;<\/p>\n<p>Las primeras actuaciones se iniciaron desde el <strong>Comando de Patrullas de Azul<\/strong>, despu\u00e9s de que efectivos de esa seccional policial y personal m\u00e9dico fueron convocados al lugar.<\/p>\n<p>&nbsp;<\/p>\n<p><img data-recalc-dims=\"1\" loading=\"lazy\" decoding=\"async\" class=\"aligncenter wp-image-71293 size-full\" src=\"https:\/\/i0.wp.com\/cdnoticias.com\/wp-content\/uploads\/2022\/11\/1669725091.jpeg?resize=800%2C450&#038;ssl=1\" alt=\"\" width=\"800\" height=\"450\" srcset=\"https:\/\/i0.wp.com\/cdnoticias.com\/wp-content\/uploads\/2022\/11\/1669725091.jpeg?w=948&amp;ssl=1 948w, https:\/\/i0.wp.com\/cdnoticias.com\/wp-content\/uploads\/2022\/11\/1669725091.jpeg?resize=300%2C169&amp;ssl=1 300w, https:\/\/i0.wp.com\/cdnoticias.com\/wp-content\/uploads\/2022\/11\/1669725091.jpeg?resize=768%2C432&amp;ssl=1 768w\" sizes=\"auto, (max-width: 800px) 100vw, 800px\" \/><\/p>\n<p>&nbsp;<\/p>\n<p>Fue trasladado al Hospital Pintos en una ambulancia del SAME con un fuerte traumatismo en la cabeza.<\/p>\n<p>&nbsp;<\/p>\n<p>El pasado domingo se inform\u00f3 desde el <strong>Hospital Pintos de Azul<\/strong> a la Polic\u00eda que Villagra estaba en el \u00e1rea de <strong>Terapia Intensiva &#8220;en coma farmacol\u00f3gico&#8221;.<\/strong> Adem\u00e1s, se comunic\u00f3 que era un <strong>potencial paciente &#8220;para donaci\u00f3n de \u00f3rganos&#8221;<\/strong> por lo que se puso en marcha el operativo para que se hiciera presente un equipo del <strong>Centro \u00danico Coordinador de Ablaci\u00f3n e Implante Provincia de Buenos Aires<\/strong> (CUCAIBA).<\/p>\n<p>&nbsp;<\/p>\n<p>Seg\u00fan se inform\u00f3<strong>, este lunes se llev\u00f3 a cabo el operativo de ablaci\u00f3n de \u00f3rganos que se realiz\u00f3 en el Hospital Pintos, <\/strong>luego de que se informara sobre la referida situaci\u00f3n a las autoridades judiciales que intervinieron en el hecho.<\/p>\n<p>&nbsp;<\/p>\n<p><img data-recalc-dims=\"1\" loading=\"lazy\" decoding=\"async\" class=\"alignnone size-full wp-image-71291\" src=\"https:\/\/i0.wp.com\/cdnoticias.com\/wp-content\/uploads\/2022\/11\/317082581_497872149043619_3991303451889533949_n.jpg?resize=800%2C360&#038;ssl=1\" alt=\"\" width=\"800\" height=\"360\" srcset=\"https:\/\/i0.wp.com\/cdnoticias.com\/wp-content\/uploads\/2022\/11\/317082581_497872149043619_3991303451889533949_n.jpg?w=1422&amp;ssl=1 1422w, https:\/\/i0.wp.com\/cdnoticias.com\/wp-content\/uploads\/2022\/11\/317082581_497872149043619_3991303451889533949_n.jpg?resize=300%2C135&amp;ssl=1 300w, https:\/\/i0.wp.com\/cdnoticias.com\/wp-content\/uploads\/2022\/11\/317082581_497872149043619_3991303451889533949_n.jpg?resize=1024%2C461&amp;ssl=1 1024w, https:\/\/i0.wp.com\/cdnoticias.com\/wp-content\/uploads\/2022\/11\/317082581_497872149043619_3991303451889533949_n.jpg?resize=768%2C346&amp;ssl=1 768w\" sizes=\"auto, (max-width: 800px) 100vw, 800px\" \/><\/p>\n<p>&nbsp;<\/p>\n<p>El pedido presentado por la titular de la UFI 6 deriv\u00f3 en que el magistrado Federico Barberena -titular del Juzgado de Garant\u00edas 2<strong>&#8211; autorizara la ablaci\u00f3n de los \u00f3rganos de Maximiliano Rodrigo Villagra. En el traslado particip\u00f3 personal del Aer\u00f3dromo Municipal de Olavarr\u00eda, quien nuevamente form\u00f3 parte de un procedimiento de esta \u00edndole.<\/strong><\/p>\n<p>&nbsp;<\/p>\n<p>Por \u00faltimo se indic\u00f3 que en el sumario penal que se instruye por el siniestro vial sucedido en la avenida Pellegrini -ahora recaratulado a &#8220;homicidio culposo&#8221;-\u00a0 interviene la fiscal Karina Gennuso.<\/p>\n<p>&nbsp;<\/p>\n<p><em>Fuente: El tiempo<\/em><\/p>\n","protected":false},"excerpt":{"rendered":"<p>El accidente ocurri\u00f3 en la ciudad de Azul. El Aer\u00f3dromo municipal Olavarr\u00eda particip\u00f3 del proceso de traslado.<\/p>\n","protected":false},"author":6,"featured_media":71292,"comment_status":"closed","ping_status":"closed","sticky":false,"template":"","format":"standard","meta":{"_jetpack_memberships_contains_paid_content":false,"footnotes":""},"categories":[14,1],"tags":[],"class_list":["post-71290","post","type-post","status-publish","format-standard","has-post-thumbnail","hentry","category-policiales","category-portada"],"jetpack_featured_media_url":"https:\/\/i0.wp.com\/cdnoticias.com\/wp-content\/uploads\/2022\/11\/316688322_497872249043609_4625286968211428749_n.jpg?fit=1600%2C720&ssl=1","jetpack_sharing_enabled":true,"_links":{"self":[{"href":"https:\/\/cdnoticias.com\/index.php\/wp-json\/wp\/v2\/posts\/71290","targetHints":{"allow":["GET"]}}],"collection":[{"href":"https:\/\/cdnoticias.com\/index.php\/wp-json\/wp\/v2\/posts"}],"about":[{"href":"https:\/\/cdnoticias.com\/index.php\/wp-json\/wp\/v2\/types\/post"}],"author":[{"embeddable":true,"href":"https:\/\/cdnoticias.com\/index.php\/wp-json\/wp\/v2\/users\/6"}],"replies":[{"embeddable":true,"href":"https:\/\/cdnoticias.com\/index.php\/wp-json\/wp\/v2\/comments?post=71290"}],"version-history":[{"count":0,"href":"https:\/\/cdnoticias.com\/index.php\/wp-json\/wp\/v2\/posts\/71290\/revisions"}],"wp:featuredmedia":[{"embeddable":true,"href":"https:\/\/cdnoticias.com\/index.php\/wp-json\/wp\/v2\/media\/71292"}],"wp:attachment":[{"href":"https:\/\/cdnoticias.com\/index.php\/wp-json\/wp\/v2\/media?parent=71290"}],"wp:term":[{"taxonomy":"category","embeddable":true,"href":"https:\/\/cdnoticias.com\/index.php\/wp-json\/wp\/v2\/categories?post=71290"},{"taxonomy":"post_tag","embeddable":true,"href":"https:\/\/cdnoticias.com\/index.php\/wp-json\/wp\/v2\/tags?post=71290"}],"curies":[{"name":"wp","href":"https:\/\/api.w.org\/{rel}","templated":true}]}}