{"id":71279,"date":"2022-11-29T12:34:03","date_gmt":"2022-11-29T15:34:03","guid":{"rendered":"https:\/\/www.centraldenoticias.com.ar\/?p=71279"},"modified":"2022-11-29T16:20:58","modified_gmt":"2022-11-29T19:20:58","slug":"intento-robar-en-un-domicilio-y-fue-aprehendido","status":"publish","type":"post","link":"https:\/\/cdnoticias.com\/index.php\/2022\/11\/29\/intento-robar-en-un-domicilio-y-fue-aprehendido\/","title":{"rendered":"Intent\u00f3 robar en un domicilio y fue aprehendido"},"content":{"rendered":"<p>Ocurri\u00f3 en Balcarce al 2700. Un hombre fue sorprendido por personal policial cuando intentaba sustraer distintos elementos de la propiedad.<!--more--><\/p>\n<hr \/>\n<p>Un llamado al 911 alert\u00f3 a personal del Comando de Patrullas que se dirigi\u00f3 a <strong>Balcarce al 2700.<\/strong> En el interior de la propiedad encontraron a <strong>un hombre que intent\u00f3 sustraer distintos elementos.<\/strong><\/p>\n<p>&nbsp;<\/p>\n<p>El hombre de 29 a\u00f1os<strong> fue aprehendido<\/strong> y trasladado a la sede de la comisar\u00eda Primera. A su vez, se hizo presente en el lugar personal de Polic\u00eda Cient\u00edfica para realizar tareas de recogimiento de prueba.<\/p>\n<p>&nbsp;<\/p>\n<p>La causa fue caratulada como <strong>\u201churto en grado de tentativa\u201d<\/strong> y est\u00e1 a cargo de la UFI N\u00b0 4 de la doctora Paula Serrano.<\/p>\n","protected":false},"excerpt":{"rendered":"<p>Ocurri\u00f3 en Balcarce al 2700. Un hombre fue sorprendido por personal policial cuando intentaba sustraer distintos elementos de la propiedad.<\/p>\n","protected":false},"author":5,"featured_media":71280,"comment_status":"closed","ping_status":"closed","sticky":false,"template":"","format":"standard","meta":{"_jetpack_memberships_contains_paid_content":false,"footnotes":""},"categories":[14,1],"tags":[],"class_list":["post-71279","post","type-post","status-publish","format-standard","has-post-thumbnail","hentry","category-policiales","category-portada"],"jetpack_featured_media_url":"https:\/\/i0.wp.com\/cdnoticias.com\/wp-content\/uploads\/2022\/11\/aprehendido-balcarce2700.jpg?fit=960%2C534&ssl=1","jetpack_sharing_enabled":true,"_links":{"self":[{"href":"https:\/\/cdnoticias.com\/index.php\/wp-json\/wp\/v2\/posts\/71279","targetHints":{"allow":["GET"]}}],"collection":[{"href":"https:\/\/cdnoticias.com\/index.php\/wp-json\/wp\/v2\/posts"}],"about":[{"href":"https:\/\/cdnoticias.com\/index.php\/wp-json\/wp\/v2\/types\/post"}],"author":[{"embeddable":true,"href":"https:\/\/cdnoticias.com\/index.php\/wp-json\/wp\/v2\/users\/5"}],"replies":[{"embeddable":true,"href":"https:\/\/cdnoticias.com\/index.php\/wp-json\/wp\/v2\/comments?post=71279"}],"version-history":[{"count":0,"href":"https:\/\/cdnoticias.com\/index.php\/wp-json\/wp\/v2\/posts\/71279\/revisions"}],"wp:featuredmedia":[{"embeddable":true,"href":"https:\/\/cdnoticias.com\/index.php\/wp-json\/wp\/v2\/media\/71280"}],"wp:attachment":[{"href":"https:\/\/cdnoticias.com\/index.php\/wp-json\/wp\/v2\/media?parent=71279"}],"wp:term":[{"taxonomy":"category","embeddable":true,"href":"https:\/\/cdnoticias.com\/index.php\/wp-json\/wp\/v2\/categories?post=71279"},{"taxonomy":"post_tag","embeddable":true,"href":"https:\/\/cdnoticias.com\/index.php\/wp-json\/wp\/v2\/tags?post=71279"}],"curies":[{"name":"wp","href":"https:\/\/api.w.org\/{rel}","templated":true}]}}