{"id":71259,"date":"2022-11-29T08:20:50","date_gmt":"2022-11-29T11:20:50","guid":{"rendered":"https:\/\/www.centraldenoticias.com.ar\/?p=71259"},"modified":"2022-11-29T12:35:18","modified_gmt":"2022-11-29T15:35:18","slug":"no-respeto-carteles-de-prohibido-el-paso-y-quedo-atascado","status":"publish","type":"post","link":"https:\/\/cdnoticias.com\/index.php\/2022\/11\/29\/no-respeto-carteles-de-prohibido-el-paso-y-quedo-atascado\/","title":{"rendered":"No respet\u00f3 carteles de \u201cprohibido el paso\u201d y qued\u00f3 atascado"},"content":{"rendered":"<p>El conductor de un Fiat 1 intent\u00f3 transitar por la obra de repavimentaci\u00f3n de avenida Avellaneda. Un corte en el pavimento no lo dej\u00f3 avanzar. Fue infraccionado.<!--more--><\/p>\n<hr \/>\n<p>Personal de Tr\u00e1nsito del Municipio<strong> infraccion\u00f3 al conductor de un auto Fiat 1<\/strong> que no respet\u00f3 carteles indicadores de \u201cprohibido el paso\u201d en la <strong>obra de repavimentaci\u00f3n de avenida Avellaneda. \u00a0<\/strong><\/p>\n<p>&nbsp;<\/p>\n<p>La marcha del veh\u00edculo se vio interrumpida cuando<strong> se top\u00f3 con un corte de la construcci\u00f3n del pavimento.<\/strong> La obra se lleva a cabo en el tramo comprendido entre avenida Eva per\u00f3n y Calle 157.<\/p>\n<p>&nbsp;<\/p>\n<p><img data-recalc-dims=\"1\" loading=\"lazy\" decoding=\"async\" class=\"aligncenter size-full wp-image-71261\" src=\"https:\/\/i0.wp.com\/cdnoticias.com\/wp-content\/uploads\/2022\/11\/vehiculo-atascado-avellaneda-02.jpg?resize=800%2C445&#038;ssl=1\" alt=\"\" width=\"800\" height=\"445\" srcset=\"https:\/\/i0.wp.com\/cdnoticias.com\/wp-content\/uploads\/2022\/11\/vehiculo-atascado-avellaneda-02.jpg?w=1538&amp;ssl=1 1538w, https:\/\/i0.wp.com\/cdnoticias.com\/wp-content\/uploads\/2022\/11\/vehiculo-atascado-avellaneda-02.jpg?resize=300%2C167&amp;ssl=1 300w, https:\/\/i0.wp.com\/cdnoticias.com\/wp-content\/uploads\/2022\/11\/vehiculo-atascado-avellaneda-02.jpg?resize=1024%2C570&amp;ssl=1 1024w, https:\/\/i0.wp.com\/cdnoticias.com\/wp-content\/uploads\/2022\/11\/vehiculo-atascado-avellaneda-02.jpg?resize=768%2C427&amp;ssl=1 768w, https:\/\/i0.wp.com\/cdnoticias.com\/wp-content\/uploads\/2022\/11\/vehiculo-atascado-avellaneda-02.jpg?resize=1536%2C855&amp;ssl=1 1536w, https:\/\/i0.wp.com\/cdnoticias.com\/wp-content\/uploads\/2022\/11\/vehiculo-atascado-avellaneda-02.jpg?resize=800%2C445&amp;ssl=1 800w\" sizes=\"auto, (max-width: 800px) 100vw, 800px\" \/><\/p>\n<p><img data-recalc-dims=\"1\" loading=\"lazy\" decoding=\"async\" class=\"aligncenter size-full wp-image-71260\" src=\"https:\/\/i0.wp.com\/cdnoticias.com\/wp-content\/uploads\/2022\/11\/vehiculo-atascado-avellaneda-03.jpg?resize=800%2C445&#038;ssl=1\" alt=\"\" width=\"800\" height=\"445\" srcset=\"https:\/\/i0.wp.com\/cdnoticias.com\/wp-content\/uploads\/2022\/11\/vehiculo-atascado-avellaneda-03.jpg?w=1600&amp;ssl=1 1600w, https:\/\/i0.wp.com\/cdnoticias.com\/wp-content\/uploads\/2022\/11\/vehiculo-atascado-avellaneda-03.jpg?resize=300%2C167&amp;ssl=1 300w, https:\/\/i0.wp.com\/cdnoticias.com\/wp-content\/uploads\/2022\/11\/vehiculo-atascado-avellaneda-03.jpg?resize=1024%2C570&amp;ssl=1 1024w, https:\/\/i0.wp.com\/cdnoticias.com\/wp-content\/uploads\/2022\/11\/vehiculo-atascado-avellaneda-03.jpg?resize=768%2C427&amp;ssl=1 768w, https:\/\/i0.wp.com\/cdnoticias.com\/wp-content\/uploads\/2022\/11\/vehiculo-atascado-avellaneda-03.jpg?resize=1536%2C854&amp;ssl=1 1536w, https:\/\/i0.wp.com\/cdnoticias.com\/wp-content\/uploads\/2022\/11\/vehiculo-atascado-avellaneda-03.jpg?resize=800%2C445&amp;ssl=1 800w\" sizes=\"auto, (max-width: 800px) 100vw, 800px\" \/><\/p>\n<p>&nbsp;<\/p>\n<p>El auto qued\u00f3 atascado en el sector, <strong>el conductor fue infraccionado<\/strong> y las actuaciones derivadas al Juzgado de Faltas Municipal.<\/p>\n<p>&nbsp;<\/p>\n","protected":false},"excerpt":{"rendered":"<p>El conductor de un Fiat 1 intent\u00f3 transitar por la obra de repavimentaci\u00f3n de avenida Avellaneda. Un corte en el<\/p>\n","protected":false},"author":5,"featured_media":71262,"comment_status":"closed","ping_status":"closed","sticky":false,"template":"","format":"standard","meta":{"_jetpack_memberships_contains_paid_content":false,"footnotes":""},"categories":[5,1],"tags":[],"class_list":["post-71259","post","type-post","status-publish","format-standard","has-post-thumbnail","hentry","category-informacion-general","category-portada"],"jetpack_featured_media_url":"https:\/\/i0.wp.com\/cdnoticias.com\/wp-content\/uploads\/2022\/11\/vehiculo-atascado-avellaneda-01.jpg?fit=1600%2C890&ssl=1","jetpack_sharing_enabled":true,"_links":{"self":[{"href":"https:\/\/cdnoticias.com\/index.php\/wp-json\/wp\/v2\/posts\/71259","targetHints":{"allow":["GET"]}}],"collection":[{"href":"https:\/\/cdnoticias.com\/index.php\/wp-json\/wp\/v2\/posts"}],"about":[{"href":"https:\/\/cdnoticias.com\/index.php\/wp-json\/wp\/v2\/types\/post"}],"author":[{"embeddable":true,"href":"https:\/\/cdnoticias.com\/index.php\/wp-json\/wp\/v2\/users\/5"}],"replies":[{"embeddable":true,"href":"https:\/\/cdnoticias.com\/index.php\/wp-json\/wp\/v2\/comments?post=71259"}],"version-history":[{"count":0,"href":"https:\/\/cdnoticias.com\/index.php\/wp-json\/wp\/v2\/posts\/71259\/revisions"}],"wp:featuredmedia":[{"embeddable":true,"href":"https:\/\/cdnoticias.com\/index.php\/wp-json\/wp\/v2\/media\/71262"}],"wp:attachment":[{"href":"https:\/\/cdnoticias.com\/index.php\/wp-json\/wp\/v2\/media?parent=71259"}],"wp:term":[{"taxonomy":"category","embeddable":true,"href":"https:\/\/cdnoticias.com\/index.php\/wp-json\/wp\/v2\/categories?post=71259"},{"taxonomy":"post_tag","embeddable":true,"href":"https:\/\/cdnoticias.com\/index.php\/wp-json\/wp\/v2\/tags?post=71259"}],"curies":[{"name":"wp","href":"https:\/\/api.w.org\/{rel}","templated":true}]}}