{"id":71253,"date":"2022-11-29T07:47:05","date_gmt":"2022-11-29T10:47:05","guid":{"rendered":"https:\/\/www.centraldenoticias.com.ar\/?p=71253"},"modified":"2022-11-29T07:47:05","modified_gmt":"2022-11-29T10:47:05","slug":"oficializan-el-nuevo-salario-minimo-y-se-ajustan-jubilaciones-y-becas-del-gobierno","status":"publish","type":"post","link":"https:\/\/cdnoticias.com\/index.php\/2022\/11\/29\/oficializan-el-nuevo-salario-minimo-y-se-ajustan-jubilaciones-y-becas-del-gobierno\/","title":{"rendered":"Oficializan el nuevo salario m\u00ednimo y se ajustan jubilaciones y becas del Gobierno"},"content":{"rendered":"<p>El salario pasar\u00e1 a $ 61.953 desde diciembre y $ 69.500 en marzo. Es tras la suba del 20% en tres cuotas. Tambi\u00e9n suben programas de ayuda social.<!--more--><\/p>\n<hr \/>\n<p>El Gobierno oficializ\u00f3 este martes el nuevo salario m\u00ednimo, vital y m\u00f3vil, que tendr\u00e1 un a<strong>umento del 20% dividido en cuatro tramos hasta llegar a $ 69.500 en marzo del a\u00f1o pr\u00f3ximo.<\/strong><\/p>\n<p>&nbsp;<\/p>\n<p>El nuevo haber acordado la semana pasada en la reuni\u00f3n del Consejo del Salario M\u00ednimo, Vital y M\u00f3vil fue formalizado a trav\u00e9s de la resoluci\u00f3n 15\/2022, publicada en el Bolet\u00edn Oficial con la firma de la ministra de Trabajo, Raquel Kelly Olmos.<\/p>\n<p>&nbsp;<\/p>\n<p>As\u00ed, desde el 1 de diciembre el salario m\u00ednimo pasar\u00e1 desde los $ 57.900 actuales a $ 61.953 para todos los trabajadores mensualizados que cumplen la jornada legal completa de trabajo; el 1 de enero ser\u00e1 de $ 65.427; el 1\u00b0 de febrero se ubicar\u00e1 en $ 67.743 y <strong>el 1\u00b0 de marzo alcanzar\u00e1 $ 69.500.<\/strong><\/p>\n<p>&nbsp;<\/p>\n<p>Tambi\u00e9n tendr\u00e1n <strong>aumentos los montos m\u00ednimos y m\u00e1ximos de la prestaci\u00f3n por desempleo<\/strong>: $28.681,35 a partir del 1\u00b0 de diciembre; $30.289,65 a partir del 1\u00b0 de enero; $31.361,85 a partir del 1\u00b0 de febrero y $32.175,26 a partir del 1\u00b0 de marzo.<\/p>\n<p>&nbsp;<\/p>\n<p>Con la actualizaci\u00f3n del m\u00ednimo, las prestaciones sociales como <strong>Potenciar Trabajo y el Programa Acompa\u00f1ar<\/strong> se ver\u00e1n afectados. Al igual que los requisitos para acceder a las <strong>Becas Progresar<\/strong>, que dependen del Ministerio de Educaci\u00f3n, y la <strong>Asignaci\u00f3n Universal por Hijo (AUH)<\/strong> de la Administraci\u00f3n Nacional de la Seguridad Social (Anses).<\/p>\n<p>&nbsp;<\/p>\n<p><strong>El detalle de las actualizaciones<\/strong><\/p>\n<p>&nbsp;<\/p>\n<p>Para el caso del programa <strong>Potenciar Trabajo<\/strong>, que depende del Ministerio de Desarrollo Social, sus montos se actualizan con los mismos porcentajes que el salario m\u00ednimo: 7% en diciembre de este a\u00f1o, 6% enero, 4% en febrero y 3% en marzo de 2023. El programa implica una carga horaria de media jornada (cuatro horas) en trabajos de distintos rubros, y recibe un monto igual al 50% del salario m\u00ednimo. Actualmente, Potenciar Trabajo otorga $ 28.950 a casi un mill\u00f3n de personas. Llegar\u00e1 en marzo una \u00faltima actualizaci\u00f3n que la llevar\u00e1 a $ 34.750.<\/p>\n<p>&nbsp;<\/p>\n<p>En el caso de las <strong>Becas Progresar<\/strong> el impacto es indirecto. Para esta ayuda salarial dirigida a estudiantes universitarios, el m\u00ednimo funciona como tope para la entrega de la beca de estudio. El beneficiario, menor de 24 a\u00f1os, lo cobra si su familia gana menos de tres salarios m\u00ednimos. Comenzar\u00e1 entonces con un tope entonces de $ 185.860 aproximadamente y cuando finalice la vigencia de este acuerdo rubricado entre gremios y empresarios el l\u00edmite de ingreso familiar para ingresar ser\u00eda de $ 208.500 en marzo.<\/p>\n<p>&nbsp;<\/p>\n<p>En lo que respecta al <strong>seguro de desempleo<\/strong>, el rango que se paga actualmente, de entre $16.083 y $26.805, pasar\u00e1 en marzo pr\u00f3ximo a ser de $19.300 y 32.166 pesos con el 20% rubricado este martes.<\/p>\n<p>&nbsp;<\/p>\n<p>Finalmente, unos 1.200.000<strong> jubilados y pensionados que cobran el haber m\u00ednimo<\/strong> ($ 50.124) a partir de diciembre y se jubilaron con 30 o m\u00e1s a\u00f1os de aportes efectivos, sin acudir a la moratoria, tendr\u00e1n un aumento de $ 677 en diciembre, $ 3.526 en enero y $ 5.425 en febrero. Esos importes se suman al bono de $ 10.000 que percibir\u00e1n en esos meses.<\/p>\n<p>&nbsp;<\/p>\n<p>Fuente: DIB<\/p>\n","protected":false},"excerpt":{"rendered":"<p>El salario pasar\u00e1 a $ 61.953 desde diciembre y $ 69.500 en marzo. Es tras la suba del 20% en<\/p>\n","protected":false},"author":5,"featured_media":4791,"comment_status":"closed","ping_status":"closed","sticky":false,"template":"","format":"standard","meta":{"_jetpack_memberships_contains_paid_content":false,"footnotes":""},"categories":[6,1],"tags":[],"class_list":["post-71253","post","type-post","status-publish","format-standard","has-post-thumbnail","hentry","category-nacionales","category-portada"],"jetpack_featured_media_url":"https:\/\/i0.wp.com\/cdnoticias.com\/wp-content\/uploads\/2020\/10\/cajero.jpg?fit=1200%2C675&ssl=1","jetpack_sharing_enabled":true,"_links":{"self":[{"href":"https:\/\/cdnoticias.com\/index.php\/wp-json\/wp\/v2\/posts\/71253","targetHints":{"allow":["GET"]}}],"collection":[{"href":"https:\/\/cdnoticias.com\/index.php\/wp-json\/wp\/v2\/posts"}],"about":[{"href":"https:\/\/cdnoticias.com\/index.php\/wp-json\/wp\/v2\/types\/post"}],"author":[{"embeddable":true,"href":"https:\/\/cdnoticias.com\/index.php\/wp-json\/wp\/v2\/users\/5"}],"replies":[{"embeddable":true,"href":"https:\/\/cdnoticias.com\/index.php\/wp-json\/wp\/v2\/comments?post=71253"}],"version-history":[{"count":0,"href":"https:\/\/cdnoticias.com\/index.php\/wp-json\/wp\/v2\/posts\/71253\/revisions"}],"wp:featuredmedia":[{"embeddable":true,"href":"https:\/\/cdnoticias.com\/index.php\/wp-json\/wp\/v2\/media\/4791"}],"wp:attachment":[{"href":"https:\/\/cdnoticias.com\/index.php\/wp-json\/wp\/v2\/media?parent=71253"}],"wp:term":[{"taxonomy":"category","embeddable":true,"href":"https:\/\/cdnoticias.com\/index.php\/wp-json\/wp\/v2\/categories?post=71253"},{"taxonomy":"post_tag","embeddable":true,"href":"https:\/\/cdnoticias.com\/index.php\/wp-json\/wp\/v2\/tags?post=71253"}],"curies":[{"name":"wp","href":"https:\/\/api.w.org\/{rel}","templated":true}]}}