{"id":71239,"date":"2022-11-29T07:29:27","date_gmt":"2022-11-29T10:29:27","guid":{"rendered":"https:\/\/www.centraldenoticias.com.ar\/?p=71239"},"modified":"2022-11-29T09:05:03","modified_gmt":"2022-11-29T12:05:03","slug":"juicio-la-huerta-historias-familiares-marcadas-por-el-dolor","status":"publish","type":"post","link":"https:\/\/cdnoticias.com\/index.php\/2022\/11\/29\/juicio-la-huerta-historias-familiares-marcadas-por-el-dolor\/","title":{"rendered":"Juicio La Huerta: historias familiares marcadas por el dolor"},"content":{"rendered":"<p>El pasado viernes se realiz\u00f3 la audiencia N.\u00ba 21 en el juzgamiento de los cr\u00edmenes cometidos en el centro bonaerense durante la \u00faltima dictadura c\u00edvico militar eclesial.<!--more--><\/p>\n<hr \/>\n<p><em>Por Soledad Restivo\/ Agencia Comunica \/ Medios UNICEN<\/em><\/p>\n<p>&nbsp;<\/p>\n<p>El <strong>viernes 25 de noviembre<\/strong> se realiz\u00f3 la <b>audiencia N.\u00ba 21 en el juzgamiento de los cr\u00edmenes cometidos<\/b> en el centro bonaerense durante la <strong>\u00faltima dictadura c\u00edvico militar eclesial.<\/strong><\/p>\n<p>&nbsp;<\/p>\n<p>Se realizaron<strong> cuatro declaraciones<\/strong> que dieron cuenta de los <strong>horrores sufridos por dos familias.<\/strong> La primera en declarar fue <strong>Mar\u00eda del Cielo Talmitte Toncovich,<\/strong> quien relat\u00f3 los hechos sufridos por su padre Jean Pierre Talmitte. Cont\u00f3 que pudo revincularse con su padre biol\u00f3gico y as\u00ed<strong> reconstruir su identidad de a \u201cpedacitos\u201d<\/strong> y sabiendo que la historia de Jean Pierre completaba algunos huecos en el destino de su madre, Mar\u00eda Graciela Toncovich.<\/p>\n<p>&nbsp;<\/p>\n<p>Mar\u00eda Graciela viv\u00eda en La Plata junto a Miguel \u00c1ngel Tierno, su pareja en ese momento y tres compa\u00f1eros montoneros.<strong> El 22 de noviembre de 1976 la casa fue atacada y todos fueron asesinados, pero los cuerpos nunca fueron entregados a las familias.<\/strong><\/p>\n<p>&nbsp;<\/p>\n<p>Mientras tanto Jean Pierre Louis Talmitte fue detenido en dos oportunidades distintas. <strong>La primera de las detenciones ocurri\u00f3 durante la \u00faltima semana de marzo del 1976 y lo trasladaron a la Comisaria Primera de Tandil.<\/strong> Por las noches lo llevaban esposado y encapuchado donde fue <strong>sometido a torturas y le preguntaban d\u00f3nde estaba &#8220;Malena&#8221;.<\/strong> Mucho tiempo despu\u00e9s supo que era su ex esposa, Mar\u00eda Graciela.<\/p>\n<p>&nbsp;<\/p>\n<blockquote><p>La segunda detenci\u00f3n ilegal ocurri\u00f3 en el mes de septiembre de 1976 y repiti\u00f3 la misma mec\u00e1nica de traslado y torturas durante 25 d\u00edas. Cielo detall\u00f3 el dolor que cargaba su padre, de profesi\u00f3n artista payaso, \u201cno se mi madre, porque nunca me devolvieron el cuerpo, pero mi padre fue acribillado y muri\u00f3 en 2017 de c\u00e1ncer\u201d expres\u00f3.<\/p><\/blockquote>\n<p>&nbsp;<\/p>\n<p>Luego fue el turno de los<strong> Corbal\u00e1n<\/strong>. Dieron testimonio, <strong>Carlos Alberto junto a sus hijos Carlos Am\u00e9rico y Alberto Sabino<\/strong>, (5 y 3 a\u00f1os en 1976).\u00a0 Los tres contaron con detalles como el dolor los atraves\u00f3 durante casi cinco d\u00e9cadas. El relato incluy\u00f3 los hechos que se sucedieron antes del golpe militar de 1976 y la historia de lucha obrera y sindicalista de Carlos Alberto.<\/p>\n<p>&nbsp;<\/p>\n<p>El d\u00eda<strong> 22 de agosto de 1975<\/strong>, mientras realizaban volanteada en el cruce de la ruta nacional 226 y Dinamarca de Tandil, frente a la f\u00e1brica Buxton, <strong>fueron detenidos Oscar Antonio Porcaro, Mar\u00eda del Carmen Flores, Diana Schatz, Mar\u00eda Beatriz Acevedo y Nieves Isabel Santell\u00e1n<\/strong>.<\/p>\n<p>&nbsp;<\/p>\n<p>Al mismo tiempo las <strong>fuerzas perpetraban una serie de allanamientos <\/strong>en los que fueron detenidos Juan Ram\u00f3n Holsbach y Carlos Alberto Corbal\u00e1n. Al otro d\u00eda, fue detenida Mirta Ester Rosa de Corbal\u00e1n, la llevaron a la Comisar\u00eda 2\u00b0 y all\u00ed fue golpeada en presencia de sus peque\u00f1os hijos. Carlos Am\u00e9rico y Alberto Sabino pasaron 20 d\u00edas retenidos por los militares y alejados de sus familiares.<\/p>\n<p>&nbsp;<\/p>\n<p>Mirta recuper\u00f3 la libertad en 1980, Carlos en 1982, estuvieron en calidad de<strong> presos pol\u00edticos en los penales de Azul, Sierra Chica, Olmos y Devoto.<\/strong> \u201c<em><strong>Es todo muy dif\u00edcil, pero seguimos adelante, lo hablamos durante a\u00f1os\u2026 pens\u00e9 que esto iba a ser m\u00e1s f\u00e1cil\u201d<\/strong><\/em> dijo Carlos Am\u00e9rico Corbal\u00e1n mientras relataba las consecuencias en su infancia y posteriores vivencias.<\/p>\n<p>&nbsp;<\/p>\n<p>Uno de los <strong>testimonios previstos para la fecha fue suspendido hasta la pr\u00f3xima audiencia.<\/strong> Quedan dos jornadas de debate, antes de la feria judicial de verano, que se realizar\u00e1n los lunes 5 y 19 de diciembre.<\/p>\n","protected":false},"excerpt":{"rendered":"<p>El pasado viernes se realiz\u00f3 la audiencia N.\u00ba 21 en el juzgamiento de los cr\u00edmenes cometidos en el centro bonaerense<\/p>\n","protected":false},"author":6,"featured_media":71242,"comment_status":"closed","ping_status":"closed","sticky":false,"template":"","format":"standard","meta":{"_jetpack_memberships_contains_paid_content":false,"footnotes":""},"categories":[5,1],"tags":[],"class_list":["post-71239","post","type-post","status-publish","format-standard","has-post-thumbnail","hentry","category-informacion-general","category-portada"],"jetpack_featured_media_url":"https:\/\/i0.wp.com\/cdnoticias.com\/wp-content\/uploads\/2022\/11\/WhatsApp-Image-2022-11-28-at-18.48.38.jpeg?fit=1600%2C1200&ssl=1","jetpack_sharing_enabled":true,"_links":{"self":[{"href":"https:\/\/cdnoticias.com\/index.php\/wp-json\/wp\/v2\/posts\/71239","targetHints":{"allow":["GET"]}}],"collection":[{"href":"https:\/\/cdnoticias.com\/index.php\/wp-json\/wp\/v2\/posts"}],"about":[{"href":"https:\/\/cdnoticias.com\/index.php\/wp-json\/wp\/v2\/types\/post"}],"author":[{"embeddable":true,"href":"https:\/\/cdnoticias.com\/index.php\/wp-json\/wp\/v2\/users\/6"}],"replies":[{"embeddable":true,"href":"https:\/\/cdnoticias.com\/index.php\/wp-json\/wp\/v2\/comments?post=71239"}],"version-history":[{"count":0,"href":"https:\/\/cdnoticias.com\/index.php\/wp-json\/wp\/v2\/posts\/71239\/revisions"}],"wp:featuredmedia":[{"embeddable":true,"href":"https:\/\/cdnoticias.com\/index.php\/wp-json\/wp\/v2\/media\/71242"}],"wp:attachment":[{"href":"https:\/\/cdnoticias.com\/index.php\/wp-json\/wp\/v2\/media?parent=71239"}],"wp:term":[{"taxonomy":"category","embeddable":true,"href":"https:\/\/cdnoticias.com\/index.php\/wp-json\/wp\/v2\/categories?post=71239"},{"taxonomy":"post_tag","embeddable":true,"href":"https:\/\/cdnoticias.com\/index.php\/wp-json\/wp\/v2\/tags?post=71239"}],"curies":[{"name":"wp","href":"https:\/\/api.w.org\/{rel}","templated":true}]}}