{"id":71236,"date":"2022-11-28T18:30:36","date_gmt":"2022-11-28T21:30:36","guid":{"rendered":"https:\/\/www.centraldenoticias.com.ar\/?p=71236"},"modified":"2022-11-28T18:30:36","modified_gmt":"2022-11-28T21:30:36","slug":"covid-19-en-la-ultima-semana-se-dio-un-incremento-del-50","status":"publish","type":"post","link":"https:\/\/cdnoticias.com\/index.php\/2022\/11\/28\/covid-19-en-la-ultima-semana-se-dio-un-incremento-del-50\/","title":{"rendered":"Covid 19: en la \u00faltima semana se dio un incremento del 50%"},"content":{"rendered":"<p>Ministros de Salud analizaron la suba de casos de Covid-19 y pidieron alentar la vacunaci\u00f3n.<!--more--><\/p>\n<hr \/>\n<p>Convocados por la <strong>ministra de Salud, Carla Vizzotti,<\/strong> ministros y secretarios de Salud de los 24 distritos analizaron en el marco del Consejo Federal de Salud (Cofesa), el<strong> aumento de casos de coronavirus en el pa\u00eds<\/strong>, distante a\u00fan de las alarmas que ya se encendieron en China y en distintas ciudades europeas aunque preocupados por las \u00faltimas cifras.<\/p>\n<p>&nbsp;<\/p>\n<p>Seg\u00fan datos oficiales, en los <strong>\u00faltimos siete d\u00edas se dio un incremento del 50% en relaci\u00f3n con la semana anterior.<\/strong><\/p>\n<p>&nbsp;<\/p>\n<p><em><strong>\u201cEstamos en muy pocos casos, todav\u00eda no hay impacto en las internaciones, se est\u00e1n registrando aumentos en las consultas y hay un leve aumento en la positividad, lo que podr\u00eda hablar de un inicio de aumento de los casos. No es preocupante. Vale la pena recomendar reforzar la vacunaci\u00f3n\u201d<\/strong><\/em>, dijo el ministro de Salud bonaerense,<strong> Nicol\u00e1s Kreplak.<\/strong><\/p>\n<p>&nbsp;<\/p>\n<p>En el mismo sentido se expres\u00f3 el subsecretario de Atenci\u00f3n Primaria del Ministerio de Salud porte\u00f1o, <strong>Gabriel Batistella<\/strong>: \u201cRecomendamos a las personas que no tienen las dosis correspondientes y que han pasado los 120 d\u00edas de su \u00faltima inmunizaci\u00f3n que <strong>se acerquen a los vacunatorios y completen el esquema<\/strong>\u201d.<\/p>\n<p>&nbsp;<\/p>\n<p>En ese contexto, Bastistella destac\u00f3 que \u201c<strong>lo que cambi\u00f3 la evoluci\u00f3n de esta pandemia es la vacunaci\u00f3n y es nuestro principal escudo y es la diferencia con Europa<\/strong>, donde lo que est\u00e1 sucediendo es porque no tienen el alto \u00edndice de vacunaci\u00f3n que tenemos nosotros y (en cambio) pa\u00edses como Alemania y Francia tuvieron bajo acatamiento a la vacunaci\u00f3n y las consecuencias se evidencian y registran ahora\u201d.<\/p>\n<p>&nbsp;<\/p>\n<p>En la reuni\u00f3n en Casa de Gobierno, Vizzotti mencion\u00f3 el <strong>\u201caumento de casos\u201d<\/strong> y \u201calent\u00f3\u201d a que los distritos <strong>refuercen sus campa\u00f1as de vacunaci\u00f3n<\/strong> para que m\u00e1s ciudadanos se inoculen con las dosis de refuerzo.<\/p>\n<p>&nbsp;<\/p>\n<p>Seg\u00fan datos del propio ministerio, se informaron<strong> 3.323 nuevos casos en la \u00faltima semana<\/strong> (un aumento del 50% en relaci\u00f3n con la semana anterior), con <strong>ocho fallecidos<\/strong>. La ocupaci\u00f3n de camas se mantiene en un porcentaje muy bajo, apenas supera el 41%, con 241 internados en hospitales p\u00fablicos y privados.<\/p>\n<p>&nbsp;<\/p>\n<p><em>Fuente: DIB\u00a0<\/em><\/p>\n","protected":false},"excerpt":{"rendered":"<p>Ministros de Salud analizaron la suba de casos de Covid-19 y pidieron alentar la vacunaci\u00f3n.<\/p>\n","protected":false},"author":6,"featured_media":46989,"comment_status":"closed","ping_status":"closed","sticky":false,"template":"","format":"standard","meta":{"_jetpack_memberships_contains_paid_content":false,"footnotes":""},"categories":[16,1],"tags":[],"class_list":["post-71236","post","type-post","status-publish","format-standard","has-post-thumbnail","hentry","category-covid-19","category-portada"],"jetpack_featured_media_url":"https:\/\/i0.wp.com\/cdnoticias.com\/wp-content\/uploads\/2022\/02\/DIB-vacunacion-COVID.jpeg?fit=1068%2C601&ssl=1","jetpack_sharing_enabled":true,"_links":{"self":[{"href":"https:\/\/cdnoticias.com\/index.php\/wp-json\/wp\/v2\/posts\/71236","targetHints":{"allow":["GET"]}}],"collection":[{"href":"https:\/\/cdnoticias.com\/index.php\/wp-json\/wp\/v2\/posts"}],"about":[{"href":"https:\/\/cdnoticias.com\/index.php\/wp-json\/wp\/v2\/types\/post"}],"author":[{"embeddable":true,"href":"https:\/\/cdnoticias.com\/index.php\/wp-json\/wp\/v2\/users\/6"}],"replies":[{"embeddable":true,"href":"https:\/\/cdnoticias.com\/index.php\/wp-json\/wp\/v2\/comments?post=71236"}],"version-history":[{"count":0,"href":"https:\/\/cdnoticias.com\/index.php\/wp-json\/wp\/v2\/posts\/71236\/revisions"}],"wp:featuredmedia":[{"embeddable":true,"href":"https:\/\/cdnoticias.com\/index.php\/wp-json\/wp\/v2\/media\/46989"}],"wp:attachment":[{"href":"https:\/\/cdnoticias.com\/index.php\/wp-json\/wp\/v2\/media?parent=71236"}],"wp:term":[{"taxonomy":"category","embeddable":true,"href":"https:\/\/cdnoticias.com\/index.php\/wp-json\/wp\/v2\/categories?post=71236"},{"taxonomy":"post_tag","embeddable":true,"href":"https:\/\/cdnoticias.com\/index.php\/wp-json\/wp\/v2\/tags?post=71236"}],"curies":[{"name":"wp","href":"https:\/\/api.w.org\/{rel}","templated":true}]}}