{"id":71210,"date":"2022-11-28T16:48:13","date_gmt":"2022-11-28T19:48:13","guid":{"rendered":"https:\/\/www.centraldenoticias.com.ar\/?p=71210"},"modified":"2022-11-28T16:48:13","modified_gmt":"2022-11-28T19:48:13","slug":"proyectar-invita-a-participar-de-un-nuevo-curso-virtual","status":"publish","type":"post","link":"https:\/\/cdnoticias.com\/index.php\/2022\/11\/28\/proyectar-invita-a-participar-de-un-nuevo-curso-virtual\/","title":{"rendered":"ProyectAR invita a participar de un nuevo curso virtual"},"content":{"rendered":"<p>Se trata de \u201cEl Estado y su funcionamiento. Administraci\u00f3n y Gesti\u00f3n P\u00fablica\u201d. Forma parte de las capacitaciones impulsadas por la Escuela de Gobierno del Frente Renovador.<!--more--><\/p>\n<hr \/>\n<p>ProyectAR, la Escuela de Gobierno del Frente Renovador, presidida por Sergio Massa, dirigida por M\u00f3nica Litza y coordinada a nivel local por Eduardo Rodr\u00edguez, invita a participar del nuevo curso virtual \u201cEl Estado y su funcionamiento. Administraci\u00f3n y Gesti\u00f3n P\u00fablica\u201d. <strong>Cabe mencionar que se podr\u00e1 acceder a las clases a trav\u00e9s del Campus Virtual en la web www.proyectar.ar.<\/strong><\/p>\n<p>&nbsp;<\/p>\n<p>En cuanto a la din\u00e1mica de trabajo, en la introducci\u00f3n, la Secretaria Acad\u00e9mica y coordinadora de Proyectar CABA, Carla Pitiot, presentar\u00e1 los <strong>6 m\u00f3dulos del curso<\/strong> que son: Constituci\u00f3n y Refederalizaci\u00f3n, a cargo del viceministro de Transporte, Dr. Diego Giuliano; Contrataci\u00f3n P\u00fablica, a cargo del Dr. Marcos Serrano; Gobierno y Calidad Institucional, a cargo de Deborah Gallinari, miembro de nuestro Consejo Acad\u00e9mico y Contadora P\u00fablica; \u00c9tica P\u00fablica, a cargo del Subsecretario de Planificaci\u00f3n de Pol\u00edticas de Transparencia de la Oficina Anticorrupci\u00f3n, el Dr. Luis Villanueva; Compliance, a cargo del Dr. Pablo Cazab\u00e1n, integrante de ProyectAR Mendoza y abogado especialista en esta tem\u00e1tica; Sistema Previsional, a cargo del Dr. Daniel El\u00edas, quien abordar\u00e1 Seguridad social y Sistemas contributivos.<\/p>\n<p>&nbsp;<\/p>\n<p>Por otro lado, el ciclo se dividir\u00e1 en dos partes y, al finalizar el mismo, se otorgar\u00e1 el <strong>certificado de participaci\u00f3n.<\/strong> Asimismo, en esta primera parte, se tendr\u00e1 acceso a los m\u00f3dulos 1, 2 y 3.<\/p>\n","protected":false},"excerpt":{"rendered":"<p>Se trata de \u201cEl Estado y su funcionamiento. Administraci\u00f3n y Gesti\u00f3n P\u00fablica\u201d. Forma parte de las capacitaciones impulsadas por la<\/p>\n","protected":false},"author":5,"featured_media":71211,"comment_status":"closed","ping_status":"closed","sticky":false,"template":"","format":"standard","meta":{"_jetpack_memberships_contains_paid_content":false,"footnotes":""},"categories":[4,1],"tags":[],"class_list":["post-71210","post","type-post","status-publish","format-standard","has-post-thumbnail","hentry","category-politica","category-portada"],"jetpack_featured_media_url":"https:\/\/i0.wp.com\/cdnoticias.com\/wp-content\/uploads\/2022\/11\/ProyectAR-Olavarria-1.jpeg?fit=800%2C445&ssl=1","jetpack_sharing_enabled":true,"_links":{"self":[{"href":"https:\/\/cdnoticias.com\/index.php\/wp-json\/wp\/v2\/posts\/71210","targetHints":{"allow":["GET"]}}],"collection":[{"href":"https:\/\/cdnoticias.com\/index.php\/wp-json\/wp\/v2\/posts"}],"about":[{"href":"https:\/\/cdnoticias.com\/index.php\/wp-json\/wp\/v2\/types\/post"}],"author":[{"embeddable":true,"href":"https:\/\/cdnoticias.com\/index.php\/wp-json\/wp\/v2\/users\/5"}],"replies":[{"embeddable":true,"href":"https:\/\/cdnoticias.com\/index.php\/wp-json\/wp\/v2\/comments?post=71210"}],"version-history":[{"count":0,"href":"https:\/\/cdnoticias.com\/index.php\/wp-json\/wp\/v2\/posts\/71210\/revisions"}],"wp:featuredmedia":[{"embeddable":true,"href":"https:\/\/cdnoticias.com\/index.php\/wp-json\/wp\/v2\/media\/71211"}],"wp:attachment":[{"href":"https:\/\/cdnoticias.com\/index.php\/wp-json\/wp\/v2\/media?parent=71210"}],"wp:term":[{"taxonomy":"category","embeddable":true,"href":"https:\/\/cdnoticias.com\/index.php\/wp-json\/wp\/v2\/categories?post=71210"},{"taxonomy":"post_tag","embeddable":true,"href":"https:\/\/cdnoticias.com\/index.php\/wp-json\/wp\/v2\/tags?post=71210"}],"curies":[{"name":"wp","href":"https:\/\/api.w.org\/{rel}","templated":true}]}}