{"id":71205,"date":"2022-11-28T11:00:54","date_gmt":"2022-11-28T14:00:54","guid":{"rendered":"https:\/\/www.centraldenoticias.com.ar\/?p=71205"},"modified":"2022-11-28T11:43:37","modified_gmt":"2022-11-28T14:43:37","slug":"dos-aprehendidos-tras-una-confrontacion-vecinal","status":"publish","type":"post","link":"https:\/\/cdnoticias.com\/index.php\/2022\/11\/28\/dos-aprehendidos-tras-una-confrontacion-vecinal\/","title":{"rendered":"Dos aprehendidos tras una confrontaci\u00f3n vecinal"},"content":{"rendered":"<p>Ocurri\u00f3 en avenida Ituzaing\u00f3 al 1600. Los hombres de 24 y 28 a\u00f1os estar\u00edan relacionados con la agresi\u00f3n a un menor de 14 a\u00f1os que debi\u00f3 ser hospitalizado.<!--more--><\/p>\n<hr \/>\n<p>Dos <strong>hombres de 24 y 28 a\u00f1os fueron aprehendidos<\/strong> en el marco de una confrontaci\u00f3n vecinal en avenida Ituzaing\u00f3 al 1600.<\/p>\n<p>&nbsp;<\/p>\n<p>Seg\u00fan se inform\u00f3, efectivos del Comando de Patrullas se dirigieron a esa direcci\u00f3n y lograron dispersar a la mayor\u00eda de las personas que se encontraban en el lugar. Sin embargo, dos hombres <strong>permanecieron en el sector con amenazas y arremetiendo contra los polic\u00edas.<\/strong><\/p>\n<p>&nbsp;<\/p>\n<p>Tras ser reducidos fueron aprehendidos y trasladados a la sede de la Comisar\u00eda Primera. Posteriormente se constat\u00f3 que <strong>estar\u00edan relacionados con las lesiones sufridas por un menor de 14 a\u00f1os que debi\u00f3 ser trasladado al Hospital Municipal<\/strong> por familiares.<\/p>\n<p>&nbsp;<\/p>\n<p>De esta forma, se instruyen actuaciones por <strong>\u201camenazas calificadas, atentado y resistencia a la autoridad\u201d<\/strong> y <strong>\u201clesiones\u201d<\/strong>. Interviene la UFI N\u00b0 4 a cargo de la doctora Mar\u00eda Paula Serrano.<\/p>\n","protected":false},"excerpt":{"rendered":"<p>Ocurri\u00f3 en avenida Ituzaing\u00f3 al 1600. Los hombres de 24 y 28 a\u00f1os estar\u00edan relacionados con la agresi\u00f3n a un<\/p>\n","protected":false},"author":5,"featured_media":71206,"comment_status":"closed","ping_status":"closed","sticky":false,"template":"","format":"standard","meta":{"_jetpack_memberships_contains_paid_content":false,"footnotes":""},"categories":[14,1],"tags":[],"class_list":["post-71205","post","type-post","status-publish","format-standard","has-post-thumbnail","hentry","category-policiales","category-portada"],"jetpack_featured_media_url":"https:\/\/i0.wp.com\/cdnoticias.com\/wp-content\/uploads\/2022\/11\/confrontacion-ituzaingo1600.jpg?fit=1599%2C889&ssl=1","jetpack_sharing_enabled":true,"_links":{"self":[{"href":"https:\/\/cdnoticias.com\/index.php\/wp-json\/wp\/v2\/posts\/71205","targetHints":{"allow":["GET"]}}],"collection":[{"href":"https:\/\/cdnoticias.com\/index.php\/wp-json\/wp\/v2\/posts"}],"about":[{"href":"https:\/\/cdnoticias.com\/index.php\/wp-json\/wp\/v2\/types\/post"}],"author":[{"embeddable":true,"href":"https:\/\/cdnoticias.com\/index.php\/wp-json\/wp\/v2\/users\/5"}],"replies":[{"embeddable":true,"href":"https:\/\/cdnoticias.com\/index.php\/wp-json\/wp\/v2\/comments?post=71205"}],"version-history":[{"count":0,"href":"https:\/\/cdnoticias.com\/index.php\/wp-json\/wp\/v2\/posts\/71205\/revisions"}],"wp:featuredmedia":[{"embeddable":true,"href":"https:\/\/cdnoticias.com\/index.php\/wp-json\/wp\/v2\/media\/71206"}],"wp:attachment":[{"href":"https:\/\/cdnoticias.com\/index.php\/wp-json\/wp\/v2\/media?parent=71205"}],"wp:term":[{"taxonomy":"category","embeddable":true,"href":"https:\/\/cdnoticias.com\/index.php\/wp-json\/wp\/v2\/categories?post=71205"},{"taxonomy":"post_tag","embeddable":true,"href":"https:\/\/cdnoticias.com\/index.php\/wp-json\/wp\/v2\/tags?post=71205"}],"curies":[{"name":"wp","href":"https:\/\/api.w.org\/{rel}","templated":true}]}}