{"id":71201,"date":"2022-11-28T11:43:11","date_gmt":"2022-11-28T14:43:11","guid":{"rendered":"https:\/\/www.centraldenoticias.com.ar\/?p=71201"},"modified":"2022-11-28T17:58:19","modified_gmt":"2022-11-28T20:58:19","slug":"precios-justos-los-combustibles-entraran-al-programa-por-cuatro-meses","status":"publish","type":"post","link":"https:\/\/cdnoticias.com\/index.php\/2022\/11\/28\/precios-justos-los-combustibles-entraran-al-programa-por-cuatro-meses\/","title":{"rendered":"Precios Justos: los combustibles entrar\u00e1n al programa por cuatro meses"},"content":{"rendered":"<p>El equipo del ministerio de Econom\u00eda al frente de Sergio Massa ultima los detalles, que ser\u00edan anunciados este lunes. La intenci\u00f3n es establecer aumentos limitados en la venta de los combustibles l\u00edquidos. <!--more--><\/p>\n<hr \/>\n<p>El ministro de Econom\u00eda, Sergio Massa, anunciar\u00e1 este lunes que los combustibles integrar\u00e1n el programa de Precios Justos durante cuatro meses con <strong>aumentos limitados al 4%, en los primeros tres meses y del 3,5% en el \u00faltimo.<\/strong><\/p>\n<p>&nbsp;<\/p>\n<p>Massa y la secretaria de Energ\u00eda, Flavia Royon, <strong>se reunir\u00e1n con representantes de las compa\u00f1\u00edas petroleras<\/strong> para definir los t\u00e9rminos del acuerdo que contempla un aumento limitado en la venta de los combustibles l\u00edquidos.<\/p>\n<p>&nbsp;<\/p>\n<p><strong>\u201cHabr\u00e1 un sendero de incrementos en los pr\u00f3ximos cuatro meses con topes de aumentos para reducir la inflaci\u00f3n\u201d<\/strong>, expresaron los voceros oficiales.<\/p>\n<p>&nbsp;<\/p>\n<p><img data-recalc-dims=\"1\" loading=\"lazy\" decoding=\"async\" class=\"aligncenter size-full wp-image-71203\" src=\"https:\/\/i0.wp.com\/cdnoticias.com\/wp-content\/uploads\/2022\/11\/Precios-Justos-768x437-1.jpg?resize=768%2C437&#038;ssl=1\" alt=\"\" width=\"768\" height=\"437\" srcset=\"https:\/\/i0.wp.com\/cdnoticias.com\/wp-content\/uploads\/2022\/11\/Precios-Justos-768x437-1.jpg?w=768&amp;ssl=1 768w, https:\/\/i0.wp.com\/cdnoticias.com\/wp-content\/uploads\/2022\/11\/Precios-Justos-768x437-1.jpg?resize=300%2C171&amp;ssl=1 300w\" sizes=\"auto, (max-width: 768px) 100vw, 768px\" \/><\/p>\n<p>&nbsp;<\/p>\n<p><strong>El programa<\/strong><\/p>\n<p>&nbsp;<\/p>\n<p>Actualmente, ya est\u00e1 disponible la <strong>aplicaci\u00f3n para tel\u00e9fonos m\u00f3viles -Precios Justos, para tel\u00e9fonos con Android y IOs-<\/strong> que ya tuvo m\u00e1s de 100.000 descargas en las \u00faltimas jornadas y que permite ver la lista de productos incluidos, <strong>lectura de c\u00f3digos de barra y una opci\u00f3n para denunciar una diferencia de precios o faltantes.<\/strong><\/p>\n<p>&nbsp;<\/p>\n<p>El objetivo de esta medida, aseguraron las fuentes oficiales, es \u201ctener una pol\u00edtica de precios sostenible y previsible en el tiempo, que permita dar un orden tanto a los consumidores como a los productores -que ahora tendr\u00e1n certeza del momento en el que acceder\u00e1n a divisas para sumar insumos importados- y que tambi\u00e9n asegure el abastecimiento\u201d.<\/p>\n<p>&nbsp;<\/p>\n<p>De momento hay<strong> m\u00e1s de 113 empresas incluidas en el programa y 1.823 productos<\/strong> que se mantendr\u00e1n a precios constantes en 2.500 bocas de expendio de 18 cadenas de supermercados, 9 cadenas mayoristas con 200 puntos de venta, y 25 cadenas locales del interior con m\u00e1s de 150 comercios de todo el pa\u00eds.<\/p>\n<p>&nbsp;<\/p>\n<p>Fuente: DIB.<\/p>\n","protected":false},"excerpt":{"rendered":"<p>El equipo del ministerio de Econom\u00eda al frente de Sergio Massa ultima los detalles, que ser\u00edan anunciados este lunes. La<\/p>\n","protected":false},"author":5,"featured_media":4085,"comment_status":"closed","ping_status":"closed","sticky":false,"template":"","format":"standard","meta":{"_jetpack_memberships_contains_paid_content":false,"footnotes":""},"categories":[6,1],"tags":[],"class_list":["post-71201","post","type-post","status-publish","format-standard","has-post-thumbnail","hentry","category-nacionales","category-portada"],"jetpack_featured_media_url":"https:\/\/i0.wp.com\/cdnoticias.com\/wp-content\/uploads\/2020\/10\/estacion-de-servicio-combustible-aumento-3.jpeg?fit=1152%2C864&ssl=1","jetpack_sharing_enabled":true,"_links":{"self":[{"href":"https:\/\/cdnoticias.com\/index.php\/wp-json\/wp\/v2\/posts\/71201","targetHints":{"allow":["GET"]}}],"collection":[{"href":"https:\/\/cdnoticias.com\/index.php\/wp-json\/wp\/v2\/posts"}],"about":[{"href":"https:\/\/cdnoticias.com\/index.php\/wp-json\/wp\/v2\/types\/post"}],"author":[{"embeddable":true,"href":"https:\/\/cdnoticias.com\/index.php\/wp-json\/wp\/v2\/users\/5"}],"replies":[{"embeddable":true,"href":"https:\/\/cdnoticias.com\/index.php\/wp-json\/wp\/v2\/comments?post=71201"}],"version-history":[{"count":0,"href":"https:\/\/cdnoticias.com\/index.php\/wp-json\/wp\/v2\/posts\/71201\/revisions"}],"wp:featuredmedia":[{"embeddable":true,"href":"https:\/\/cdnoticias.com\/index.php\/wp-json\/wp\/v2\/media\/4085"}],"wp:attachment":[{"href":"https:\/\/cdnoticias.com\/index.php\/wp-json\/wp\/v2\/media?parent=71201"}],"wp:term":[{"taxonomy":"category","embeddable":true,"href":"https:\/\/cdnoticias.com\/index.php\/wp-json\/wp\/v2\/categories?post=71201"},{"taxonomy":"post_tag","embeddable":true,"href":"https:\/\/cdnoticias.com\/index.php\/wp-json\/wp\/v2\/tags?post=71201"}],"curies":[{"name":"wp","href":"https:\/\/api.w.org\/{rel}","templated":true}]}}