{"id":71172,"date":"2022-11-27T18:08:44","date_gmt":"2022-11-27T21:08:44","guid":{"rendered":"https:\/\/www.centraldenoticias.com.ar\/?p=71172"},"modified":"2022-11-27T20:39:26","modified_gmt":"2022-11-27T23:39:26","slug":"volver-a-las-fuentes-el-mundial-de-los-preparativos-electorales","status":"publish","type":"post","link":"https:\/\/cdnoticias.com\/index.php\/2022\/11\/27\/volver-a-las-fuentes-el-mundial-de-los-preparativos-electorales\/","title":{"rendered":"Volver a las Fuentes: el Mundial de los preparativos electorales"},"content":{"rendered":"<p dir=\"ltr\">Se viene la presentaci\u00f3n del Presupuesto 2023, aunque hubo adelantos. Algunos ya est\u00e1n en la carrera por la intendencia e hicieron saber sus intenciones esta semana. C\u00f3mo hacer pol\u00edtica sin decir que se hace pol\u00edtica. <!--more--><\/p>\n<hr \/>\n<p><em>(Este es un extracto del newsletter Volver a las Fuentes*, realizado por Josefina Bargas y Alexis Grierson)<\/em><\/p>\n<p dir=\"ltr\"><u><strong>La planificaci\u00f3n del a\u00f1o<\/strong><\/u><\/p>\n<p>&nbsp;<\/p>\n<p><img data-recalc-dims=\"1\" loading=\"lazy\" decoding=\"async\" class=\"aligncenter size-full wp-image-37045\" src=\"https:\/\/i0.wp.com\/cdnoticias.com\/wp-content\/uploads\/2021\/10\/Presentacion-presupuesto-2022-HCD-1-scaled.jpg?resize=800%2C535&#038;ssl=1\" alt=\"\" width=\"800\" height=\"535\" srcset=\"https:\/\/i0.wp.com\/cdnoticias.com\/wp-content\/uploads\/2021\/10\/Presentacion-presupuesto-2022-HCD-1-scaled.jpg?w=2560&amp;ssl=1 2560w, https:\/\/i0.wp.com\/cdnoticias.com\/wp-content\/uploads\/2021\/10\/Presentacion-presupuesto-2022-HCD-1-scaled.jpg?resize=300%2C201&amp;ssl=1 300w, https:\/\/i0.wp.com\/cdnoticias.com\/wp-content\/uploads\/2021\/10\/Presentacion-presupuesto-2022-HCD-1-scaled.jpg?resize=768%2C513&amp;ssl=1 768w, https:\/\/i0.wp.com\/cdnoticias.com\/wp-content\/uploads\/2021\/10\/Presentacion-presupuesto-2022-HCD-1-scaled.jpg?resize=1024%2C684&amp;ssl=1 1024w, https:\/\/i0.wp.com\/cdnoticias.com\/wp-content\/uploads\/2021\/10\/Presentacion-presupuesto-2022-HCD-1-scaled.jpg?resize=272%2C182&amp;ssl=1 272w, https:\/\/i0.wp.com\/cdnoticias.com\/wp-content\/uploads\/2021\/10\/Presentacion-presupuesto-2022-HCD-1-scaled.jpg?w=1600&amp;ssl=1 1600w, https:\/\/i0.wp.com\/cdnoticias.com\/wp-content\/uploads\/2021\/10\/Presentacion-presupuesto-2022-HCD-1-scaled.jpg?w=2400&amp;ssl=1 2400w\" sizes=\"auto, (max-width: 800px) 100vw, 800px\" \/><\/p>\n<p>&nbsp;<\/p>\n<p dir=\"ltr\"><strong>De esta semana que viene no pasar\u00e1 la presentaci\u00f3n del Presupuesto 2023 en el Concejo Deliberante<\/strong>. Recordemos que el Ejecutivo pidi\u00f3 una pr\u00f3rroga por la negociaci\u00f3n paritaria de los trabajadores municipales y la falta de certezas del Presupuesto provincial, algo que se resolvi\u00f3 por un lado y ya se conoce por el tema bonaerense.<\/p>\n<p>&nbsp;<\/p>\n<p dir=\"ltr\">Como adelanto,<strong>\u00a0el intendente Galli dej\u00f3 dos cifras a tener en cuenta<\/strong>: la primera es que<strong>\u00a0<a href=\"https:\/\/gmail.us17.list-manage.com\/track\/click?u=cba2a41506a8e26d100c3f0f8&amp;id=9b4a4e893f&amp;e=b6c762679c\" target=\"_blank\" rel=\"noopener\" data-saferedirecturl=\"https:\/\/www.google.com\/url?q=https:\/\/gmail.us17.list-manage.com\/track\/click?u%3Dcba2a41506a8e26d100c3f0f8%26id%3D9b4a4e893f%26e%3Db6c762679c&amp;source=gmail&amp;ust=1669668902444000&amp;usg=AOvVaw2-IHWDdaD0jzoOKmo7kP8N\">la partida general presupuestaria rondar\u00e1 entre los 15 y los 16 mil millones de pesos<\/a>.<\/strong>\u00a0\u00bfHay mil millones de pesos de diferencia? S\u00ed, pero a\u00fan restaban pulir detalles para saber el n\u00famero exacto, no s\u00f3lo de c\u00e1lculos de coparticipaci\u00f3n y otros fondos sino el c\u00e1lculo del Impuesto a la Piedra, por ejemplo.<\/p>\n<p>&nbsp;<\/p>\n<p dir=\"ltr\">La otra cifra mencionada es que, casi casi en tono de campa\u00f1a,<strong>\u00a0se invertir\u00e1n 2.600 millones de pesos en obras para la ciudad y las localidades. Ser\u00e1n 50 nuevas obras, y est\u00e1 pautado como \u201cuna obra por semana\u201d.\u00a0<\/strong><\/p>\n<p>&nbsp;<\/p>\n<p dir=\"ltr\">De esta forma, el jefe comunal encarar\u00e1 su \u00faltimo a\u00f1o de la segunda gesti\u00f3n en Olavarr\u00eda y, ya casi que podemos decirlo,\u00a0<strong>en la punta de lanza de lo que ser\u00e1 la b\u00fasqueda del tercer mandato.\u00a0<\/strong><\/p>\n<p>&nbsp;<\/p>\n<p dir=\"ltr\">Habr\u00e1 obras en educaci\u00f3n, infraestructura, pavimentaci\u00f3n, servicios, iluminaci\u00f3n, salud, seguridad, turismo, hidr\u00e1ulica, industria y agro.<\/p>\n<p>&nbsp;<\/p>\n<p dir=\"ltr\">El listado es largo y no viene al caso para lo que queremos contar,<a href=\"https:\/\/gmail.us17.list-manage.com\/track\/click?u=cba2a41506a8e26d100c3f0f8&amp;id=f9834762fb&amp;e=b6c762679c\" target=\"_blank\" rel=\"noopener\" data-saferedirecturl=\"https:\/\/www.google.com\/url?q=https:\/\/gmail.us17.list-manage.com\/track\/click?u%3Dcba2a41506a8e26d100c3f0f8%26id%3Df9834762fb%26e%3Db6c762679c&amp;source=gmail&amp;ust=1669668902444000&amp;usg=AOvVaw2FXP66YNsMyMECgRajyTPI\">\u00a0lo van a poder leer por ac\u00e1<\/a>. Lo que es interesante de destacar es que en el repaso muchas de las<strong>\u00a0obras mencionadas surgen como el fruto de un di\u00e1logo con una instituci\u00f3n intermedia, o con los propios vecinos.<\/strong>\u00a0Hay obras \u201chist\u00f3ricas\u201d y la continuaci\u00f3n de otras tantas.<\/p>\n<p dir=\"ltr\">En materia legislativa, una vez que ingrese el proyecto al Concejo Deliberante, comenzar\u00e1 un r\u00e1pido an\u00e1lisis que probablemente tendr\u00e1 a los ediles con el pan dulce bajo el brazo y votando en el recinto de la Sociedad Espa\u00f1ola.<strong>\u00a0Se proyectaron, por ahora, dos sesiones extraordinarias para el mes de diciembre: una ser\u00e1 la Asamblea de Mayores Contribuyentes que votar\u00e1 el proyecto de tucura, mientras que luego estar\u00e1 el debate por el Presupuesto 2023<\/strong>, &#8220;m\u00e1s tirando a fin de mes&#8221;. Al menos, es lo que se viene conversando entre los frentes pol\u00edticos.<\/p>\n<p dir=\"ltr\"><img data-recalc-dims=\"1\" loading=\"lazy\" decoding=\"async\" class=\"aligncenter size-full wp-image-69642\" src=\"https:\/\/i0.wp.com\/cdnoticias.com\/wp-content\/uploads\/2022\/11\/hcd-10-11-2022.jpg?resize=800%2C480&#038;ssl=1\" alt=\"\" width=\"800\" height=\"480\" srcset=\"https:\/\/i0.wp.com\/cdnoticias.com\/wp-content\/uploads\/2022\/11\/hcd-10-11-2022.jpg?w=1355&amp;ssl=1 1355w, https:\/\/i0.wp.com\/cdnoticias.com\/wp-content\/uploads\/2022\/11\/hcd-10-11-2022.jpg?resize=300%2C180&amp;ssl=1 300w, https:\/\/i0.wp.com\/cdnoticias.com\/wp-content\/uploads\/2022\/11\/hcd-10-11-2022.jpg?resize=1024%2C614&amp;ssl=1 1024w, https:\/\/i0.wp.com\/cdnoticias.com\/wp-content\/uploads\/2022\/11\/hcd-10-11-2022.jpg?resize=768%2C461&amp;ssl=1 768w\" sizes=\"auto, (max-width: 800px) 100vw, 800px\" \/><\/p>\n<p>&nbsp;<\/p>\n<p dir=\"ltr\">Y si de Presupuesto hablamos, debemos contar apenas un peque\u00f1o adelanto de lo que se conocer\u00e1, tambi\u00e9n, durante la semana venidera.\u00a0<strong>\u00bfRecuerdan la complejidad de las negociaciones paritarias con el Sindicato de Municipales, que cambi\u00f3 la l\u00f3gica de trabajo y gener\u00f3 un extenso conflicto?<\/strong><\/p>\n<p>&nbsp;<\/p>\n<p dir=\"ltr\">Este a\u00f1o el STMO fue m\u00e1s all\u00e1 y plante\u00f3 una discusi\u00f3n muy interesante:\u00a0<strong>no llevar la l\u00f3gica paritaria solamente a inflaci\u00f3n, sino\u00a0tambi\u00e9n a ingresos a la comuna.<\/strong>\u00a0Porque, al final del camino,\u00a0<strong>los Estados suelen ser los principales beneficiados\u00a0con la inflaci\u00f3n, dado que perciben m\u00e1s ingresos.\u00a0<\/strong><\/p>\n<p>&nbsp;<\/p>\n<p dir=\"ltr\">Dicho esto, \u00bfqu\u00e9 fue lo que se acord\u00f3 algunos meses atr\u00e1s?<strong>\u00a0Que la mesa\u00a0 paritaria reabrir\u00eda\u00a0en noviembre pero que ser\u00eda 100% t\u00e9cnica<\/strong>: m\u00e1s all\u00e1 del an\u00e1lisis de la inflaci\u00f3n,<strong>\u00a0si el Presupuesto Ejecutado<\/strong>\u00a0(es decir, lo que efectivamente el Municipio gast\u00f3 m\u00e1s all\u00e1 de lo aprobado por el Concejo Deliberante)\u00a0<strong>superaba los 14 mil millones de pesos anuales, la suba salarial ser\u00eda autom\u00e1tica, en una cifra que rondaba el 20%.<\/strong><\/p>\n<p>&nbsp;<\/p>\n<p dir=\"ltr\">En principio -y por el adelanto del Intendente Galli de cara a la previsi\u00f3n de gastos del a\u00f1o que viene- el ejecutado durante 2022 super\u00f3 con claridad la cifra estipulada.<strong>\u00a0En principio, el aumento superar\u00eda el 30% que, cabe aclarar, se acordar\u00e1 la forma de pago para los trabajadores, si es escalonado, etc.<\/strong><\/p>\n<p dir=\"ltr\"><img data-recalc-dims=\"1\" loading=\"lazy\" decoding=\"async\" class=\"aligncenter size-full wp-image-57482\" src=\"https:\/\/i0.wp.com\/cdnoticias.com\/wp-content\/uploads\/2022\/06\/galeria-municipales-protesta-07.jpg?resize=800%2C445&#038;ssl=1\" alt=\"\" width=\"800\" height=\"445\" srcset=\"https:\/\/i0.wp.com\/cdnoticias.com\/wp-content\/uploads\/2022\/06\/galeria-municipales-protesta-07.jpg?w=1000&amp;ssl=1 1000w, https:\/\/i0.wp.com\/cdnoticias.com\/wp-content\/uploads\/2022\/06\/galeria-municipales-protesta-07.jpg?resize=300%2C167&amp;ssl=1 300w, https:\/\/i0.wp.com\/cdnoticias.com\/wp-content\/uploads\/2022\/06\/galeria-municipales-protesta-07.jpg?resize=768%2C427&amp;ssl=1 768w, https:\/\/i0.wp.com\/cdnoticias.com\/wp-content\/uploads\/2022\/06\/galeria-municipales-protesta-07.jpg?resize=800%2C445&amp;ssl=1 800w\" sizes=\"auto, (max-width: 800px) 100vw, 800px\" \/><\/p>\n<p>&nbsp;<\/p>\n<p dir=\"ltr\">\u00bfQu\u00e9 conclusi\u00f3n arrojamos con esto?\u00a0<strong>Que la paritaria se acerca al podio de las m\u00e1s altas de la Provincia<\/strong>: cifras m\u00e1s, cifras menos, se estipula un aumento del 68% de los salarios hasta el momento. Con un 32% alcanza el\u00a0<strong>100%,\u00a0<\/strong>y algunas fuentes consultadas por este newsletter indicaron que lo superar\u00e1. S\u00ed, quiz\u00e1s los porcentajes no se sumen autom\u00e1ticamente por sus enteros, pero est\u00e1 claro que\u00a0<strong>en un a\u00f1o complejo para la inflaci\u00f3n, se cumpli\u00f3 y podr\u00eda decirse que hasta se super\u00f3 en algunos puntos el incremento de precios general.<\/strong><\/p>\n<p>&nbsp;<\/p>\n<p dir=\"ltr\">De todos modos, hubo solo un encuentro d\u00edas atr\u00e1s -y m\u00e1s all\u00e1 del feriado por el aniversario de la ciudad- y en las pr\u00f3ximas horas habr\u00e1 novedades. En lo estrictamente pol\u00edtico, \u00bfqui\u00e9n se ver\u00e1 beneficiado por este importante incremento salarial?\u00a0<strong>\u00bfStuppia que cambi\u00f3 la l\u00f3gica de negociaci\u00f3n? \u00bfO Galli, que aumentar\u00e1 probablemente por encima de la inflaci\u00f3n?\u00a0<\/strong><\/p>\n<p>&nbsp;<\/p>\n<p dir=\"ltr\"><strong>\u00bfLanzamiento?\u00a0<\/strong><\/p>\n<p dir=\"ltr\"><img data-recalc-dims=\"1\" loading=\"lazy\" decoding=\"async\" class=\"aligncenter size-full wp-image-71174\" src=\"https:\/\/i0.wp.com\/cdnoticias.com\/wp-content\/uploads\/2022\/11\/WhatsApp-Image-2022-11-27-at-18.03.10.jpeg?resize=800%2C1067&#038;ssl=1\" alt=\"\" width=\"800\" height=\"1067\" srcset=\"https:\/\/i0.wp.com\/cdnoticias.com\/wp-content\/uploads\/2022\/11\/WhatsApp-Image-2022-11-27-at-18.03.10.jpeg?w=1080&amp;ssl=1 1080w, https:\/\/i0.wp.com\/cdnoticias.com\/wp-content\/uploads\/2022\/11\/WhatsApp-Image-2022-11-27-at-18.03.10.jpeg?resize=225%2C300&amp;ssl=1 225w, https:\/\/i0.wp.com\/cdnoticias.com\/wp-content\/uploads\/2022\/11\/WhatsApp-Image-2022-11-27-at-18.03.10.jpeg?resize=768%2C1024&amp;ssl=1 768w\" sizes=\"auto, (max-width: 800px) 100vw, 800px\" \/><\/p>\n<p>&nbsp;<\/p>\n<p dir=\"ltr\"><strong>En la semana se pudo ver un flyer que ratifica el lanzamiento de Hern\u00e1n Parra como precandidato a Intendente<\/strong>. El empresario parece realmente decidido a pelear por ser el sucesor de Ezequiel Galli y adem\u00e1s de mostrarse en diversas actividades,\u00a0<strong>otros referentes del peronismo lo posicionan como un dirigente que puede \u201cdar que hablar\u201d en la ciudad.<\/strong><\/p>\n<p>&nbsp;<\/p>\n<p dir=\"ltr\">Hace unas semanas<strong>\u00a0una invitaci\u00f3n a su cumplea\u00f1os<\/strong>\u00a0-que ser\u00e1 en los pr\u00f3ximos d\u00edas-\u00a0<strong>ten\u00eda m\u00e1s tintes de acto pol\u00edtico de lanzamiento de campa\u00f1a que realmente la celebraci\u00f3n de su cumplea\u00f1os<\/strong>. \u201cNo parece un acto pol\u00edtico, lo ser\u00e1\u201d completaron algunos consultados por Volver a las Fuentes.<\/p>\n<p>&nbsp;<\/p>\n<p dir=\"ltr\">Tambi\u00e9n se supo que\u00a0<strong>su candidatura est\u00e1 anclada en el posicionamiento seccional de Bali Bucca,<\/strong>\u00a0que hizo especial trabajo en Olavarr\u00eda de la mano de algunos dirigentes que, &#8220;inc\u00f3modos&#8221; con la gesti\u00f3n actual del Frente de Todos,\u00a0<strong>impulsaron a Parra para de m\u00ednima pelear una interna.<\/strong><\/p>\n<p>&nbsp;<\/p>\n<p dir=\"ltr\">De todos modos,\u00a0<strong>el marco que le da a esta intenci\u00f3n de generar una interna es m\u00e1s complejo de lo que parece<\/strong>: si bien ser\u00e1 discutir en el amplio y variado Frente de Todos, la referencia local -y seccional- no parece tener absolutamente ninguna duda y mucho menos despu\u00e9s de lo sucedido hace una semana.<\/p>\n<p>&nbsp;<\/p>\n<p dir=\"ltr\"><strong>Si C\u00e9sar Valicenti -por su rol seccional y por ser el presidente del bloque del Frente de Todos en la Legislatura bonaerense- aparece entre las 20 personas cercanas a Cristina Fern\u00e1ndez de Kirchner, las dudas se disipan.<\/strong>\u00a0Todo depender\u00e1 de las estrategias que plantee la l\u00edder del espacio: hasta hace unos meses, el legislador ped\u00eda que \u201ctodos jueguen\u201d para llevar agua para el molino que es el Frente de Todos.<\/p>\n<p>&nbsp;<\/p>\n<p dir=\"ltr\">Hoy, \u00bfc\u00f3mo se plantear\u00e1n las internas en Olavarr\u00eda?<\/p>\n<p>&nbsp;<\/p>\n<p dir=\"ltr\"><u><strong>Hebe y un an\u00e1lisis pol\u00edtico<\/strong><\/u><\/p>\n<p dir=\"ltr\"><img data-recalc-dims=\"1\" loading=\"lazy\" decoding=\"async\" class=\"aligncenter size-full wp-image-70921\" src=\"https:\/\/i0.wp.com\/cdnoticias.com\/wp-content\/uploads\/2022\/11\/WhatsApp-Image-2022-11-24-at-18.32.38-1.jpeg?resize=800%2C601&#038;ssl=1\" alt=\"\" width=\"800\" height=\"601\" srcset=\"https:\/\/i0.wp.com\/cdnoticias.com\/wp-content\/uploads\/2022\/11\/WhatsApp-Image-2022-11-24-at-18.32.38-1.jpeg?w=1600&amp;ssl=1 1600w, https:\/\/i0.wp.com\/cdnoticias.com\/wp-content\/uploads\/2022\/11\/WhatsApp-Image-2022-11-24-at-18.32.38-1.jpeg?resize=300%2C225&amp;ssl=1 300w, https:\/\/i0.wp.com\/cdnoticias.com\/wp-content\/uploads\/2022\/11\/WhatsApp-Image-2022-11-24-at-18.32.38-1.jpeg?resize=1024%2C769&amp;ssl=1 1024w, https:\/\/i0.wp.com\/cdnoticias.com\/wp-content\/uploads\/2022\/11\/WhatsApp-Image-2022-11-24-at-18.32.38-1.jpeg?resize=768%2C576&amp;ssl=1 768w, https:\/\/i0.wp.com\/cdnoticias.com\/wp-content\/uploads\/2022\/11\/WhatsApp-Image-2022-11-24-at-18.32.38-1.jpeg?resize=1536%2C1153&amp;ssl=1 1536w\" sizes=\"auto, (max-width: 800px) 100vw, 800px\" \/><\/p>\n<p>&nbsp;<\/p>\n<p dir=\"ltr\">El pasado domingo -a minutos de haber sido publicada la \u00faltima edici\u00f3n de Volver a las Fuentes-\u00a0<strong>falleci\u00f3 Hebe de Bonafini, un s\u00edmbolo de la lucha por los derechos humanos en nuestro pa\u00eds<\/strong>\u00a0y en el juzgamiento de los militares en tribunales civiles -aprop\u00f3sito de 1985, la pel\u00edcula-.<\/p>\n<p>&nbsp;<\/p>\n<p dir=\"ltr\">Con un perfil alto, frontal y sin filtros,\u00a0<strong>Hebe marc\u00f3 una enorme diferencia con otras madres -y Abuelas, la otra agrupaci\u00f3n- sin descuidar nunca el recuerdo permanente por Jorge y Ra\u00fal, sus hijos desaparecidos en la \u00faltima dictadura c\u00edvico &#8211; militar.<\/strong><\/p>\n<p>&nbsp;<\/p>\n<p dir=\"ltr\">El jueves pasado, desde<strong>\u00a0Olavarr\u00eda se organiz\u00f3 una movilizaci\u00f3n con importante movilizaci\u00f3n homenaje\u00a0<\/strong>-un centenar de asistentes- que incluy\u00f3 una ronda por la plaza central de nuestra ciudad para adherir a las rondas de las Madres en Plaza de Mayo.<\/p>\n<p>&nbsp;<\/p>\n<p dir=\"ltr\">Con varias figuras pol\u00edticas, militantes de derechos humanos, sindicales y de la militancia,\u00a0<strong>Carmelo Vinci mostr\u00f3 quiz\u00e1s el an\u00e1lisis m\u00e1s claro de Hebe en todos estos a\u00f1os<\/strong>: resalt\u00f3 \u201clo gran persona que era y que a\u00fan en las diferencias, nunca dej\u00f3 de lado la lucha por los Derechos Humanos\u201d.<\/p>\n<p>&nbsp;<\/p>\n<p dir=\"ltr\"><strong>Tambi\u00e9n habl\u00f3 del costado considerado \u201cno tan grato\u201d de Hebe de Bonafini como su relaci\u00f3n con C\u00e9sar Luis Milani y el proyecto \u201cSue\u00f1os compartidos\u201d junto a los Schoklender<\/strong>: \u201cHebe meti\u00f3 los pies en el barro y choc\u00f3 contra intereses. Se meti\u00f3 en pol\u00edtica, pele\u00f3 por los Derechos Humanos en la actualidad, c\u00f3mo la falta de vivienda. Transform\u00f3 el dolor en lucha\u201d.<\/p>\n<p>&nbsp;<\/p>\n<p dir=\"ltr\">Se pudo ver a Maximiliano Wesner en un perfil m\u00e1s bajo que en otras actividades, Federico Aguilera -siempre presente tambi\u00e9n- la concejala Mercedes Land\u00edvar e integrantes de otras fuerzas pol\u00edticas como el Movimiento Evita (que difundi\u00f3 la convocatoria) y otros funcionarios, legisladores y militantes.<\/p>\n<p>&nbsp;<\/p>\n<p dir=\"ltr\"><u><strong>La pol\u00edtica como herramienta de transformaci\u00f3n social (pero disimulada)<\/strong><\/u><\/p>\n<p>&nbsp;<\/p>\n<p dir=\"ltr\">No vamos a andar haci\u00e9ndonos los distra\u00eddos: todo lo que hacen o dejan de hacer los dirigentes pol\u00edticos -m\u00e1s en estos tiempos- tiene una intencionalidad pol\u00edtica,\u00a0<strong>es pr\u00e1cticamente una campa\u00f1a en continuado.<\/strong><\/p>\n<p>&nbsp;<\/p>\n<p dir=\"ltr\">Pero en un contexto donde la pol\u00edtica est\u00e1 muy cuestionada e incluso incluye cierta decepci\u00f3n de buena parte de la sociedad,\u00a0<strong>bien valen los movimientos que no est\u00e1n directamente relacionados con la actividad pol\u00edtica pero hablan mucho de las intenciones.<\/strong><\/p>\n<p>&nbsp;<\/p>\n<p dir=\"ltr\"><strong>El movimiento m\u00e1s claro es la participaci\u00f3n activa de Wesner en actividades municipales<\/strong>, algo que no se acostumbraba -salvo excepciones- desde el Frente de Todos. Es algo que desde este newsletter se ha mencionado en reiteradas ocasiones, y es un giro interesante que muestra el inter\u00e9s de<strong>\u00a0llegar a sectores que al kirchnerismo le ha costado hist\u00f3ricamente en Olavarr\u00eda.\u00a0<\/strong><\/p>\n<p>&nbsp;<\/p>\n<p dir=\"ltr\">El ejemplo de esta semana fue<strong>\u00a0la presencia de Wesner (y dirigentes y militantes del espacio) en La Fiesta de Olavarr\u00eda, que si bien tuvo una ganancia importante del Intendente -la actividad sali\u00f3 muy bien por el marco y el espect\u00e1culo ofrecido, con La Delio Valdez y Los Palmeras- Wesner hizo lo propio solo participando, entre la gente<\/strong>. Son detalles. Y desde hace tiempo que las campa\u00f1as y las elecciones se definen por detalles.<\/p>\n<p>&nbsp;<\/p>\n<p dir=\"ltr\">De todos modos, si trasladamos esta premisa a otros espacios pol\u00edticos, el resultado no var\u00eda:\u00a0<strong>tanto Ezequiel Galli como otros dirigentes y dirigentas que aspiran a la intendencia en 2023 muestran actividades o hechos pol\u00edticos un poco m\u00e1s escondidos de la pol\u00edtica en s\u00ed.<\/strong>\u00a0Pongamos nombres: Vergel, Aguirre, Parra, Rodr\u00edguez, y as\u00ed con varios etc\u00e9teras.<\/p>\n<p>&nbsp;<\/p>\n<p dir=\"ltr\">El cuestionamiento -a nuestro entender, err\u00f3neo- de\u00a0<strong>\u201cla casta\u201d pol\u00edtica de Milei cal\u00f3 hondo en la dirigencia pol\u00edtica tradicional y la crisis econ\u00f3mica generaron un c\u00f3ctel peligroso a la hora de hacer pol\u00edtica<\/strong>. En ese plan se mueve la dirigencia de Olavarr\u00eda\u2026con excepciones.<\/p>\n<p>&nbsp;<\/p>\n<p dir=\"ltr\"><strong>\u00bfCu\u00e1l es la excepci\u00f3n m\u00e1s clara? C\u00e9sar Valicenti, casi sin dudar.\u00a0<\/strong>El diputado provincial es el m\u00e1s activo en torno al fomento de la pol\u00edtica como actividad transformadora, reniega de los discursos y actitudes -a pesar de las estrategias- que se alejan de la pol\u00edtica, y es el que busca que mayor cantidad de vecinos se acerque y milite en espacios como La C\u00e1mpora.<\/p>\n<p><iframe loading=\"lazy\" style=\"border: none; overflow: hidden;\" src=\"https:\/\/www.facebook.com\/plugins\/post.php?href=https%3A%2F%2Fwww.facebook.com%2Flacampora.olavarria%2Fposts%2Fpfbid037qbY9CpBCR8Rcm7SrZMQv6v5RgcE2hwCXH8qMK8CjL9o3naLHGkwyQdVm6KrbPtwl&amp;show_text=true&amp;width=500\" width=\"500\" height=\"781\" frameborder=\"0\" scrolling=\"no\" allowfullscreen=\"allowfullscreen\"><\/iframe><\/p>\n<p dir=\"ltr\">No es casual, de hecho, que<strong>\u00a0el s\u00e1bado se difundiera\u00a0una importante reuni\u00f3n con referentes territoriales en el Ateneo N\u00e9stor Kirchner, lugar \u201cpara hacer pol\u00edtica\u201d por excelencia del espacio<\/strong>. \u201cSeguimos militando, promoviendo la organizaci\u00f3n y compartiendo todxs el mismo sue\u00f1o, mejorar la calidad de vida de cada vecinx de la ciudad y por supuesto tambi\u00e9n, ganar el mundial\u201d indicaron en sus redes sociales.<\/p>\n<p>&nbsp;<\/p>\n<p dir=\"ltr\">Justamente,\u00a0<strong>el despliegue territorial del Frente de Todos y La C\u00e1mpora es el \u201cancho de espadas\u201d para discutir posibles internas.<\/strong>\u00a0Lo dicen propios y ajenos: un analista consultado por este newsletter dijo que\u00a0<em>\u201cson sanas las internas en PASO\u201d<\/em>\u00a0pero<strong><em>\u00a0\u201ces innegable que para ir a discutir algo importante con La C\u00e1mpora en Olavarr\u00eda hay que tener estructura, y no lo veo en ning\u00fan espacio por fuera de ello\u201d.\u00a0<\/em><\/strong><\/p>\n<p>&nbsp;<\/p>\n<p dir=\"ltr\">Obviamente,<strong>\u00a0la unidad del Frente de Todos est\u00e1 plagada de diferencias y puntos en los que no hay acuerdo, sin embargo prevalece por esa articulaci\u00f3n anclada en la territorialidad.<\/strong>\u00a0Un punto que muchos subestiman y que siempre es fundamental.<strong><em>\u00a0\u201cAh\u00ed se ve quienes quieren ser candidatos con algunas personas atr\u00e1s y quienes construyen desde la militancia y el despliegue en cada uno de los barrios\u201d<\/em><\/strong>\u00a0cerr\u00f3 el analista que gentilmente atendi\u00f3 a VAF.<\/p>\n<p>&nbsp;<\/p>\n<p dir=\"ltr\">Un \u00faltimo punto: \u00bfd\u00f3nde se puede ver esta \u201chumanizaci\u00f3n\u201d de la pol\u00edtica por fuera de su propia herramienta? En las cartas publicadas por\u00a0<a href=\"https:\/\/gmail.us17.list-manage.com\/track\/click?u=cba2a41506a8e26d100c3f0f8&amp;id=37eff29d05&amp;e=b6c762679c\" target=\"_blank\" rel=\"noopener\" data-saferedirecturl=\"https:\/\/www.google.com\/url?q=https:\/\/gmail.us17.list-manage.com\/track\/click?u%3Dcba2a41506a8e26d100c3f0f8%26id%3D37eff29d05%26e%3Db6c762679c&amp;source=gmail&amp;ust=1669668902444000&amp;usg=AOvVaw2rTGiJ8uU5JxMl3a9HQpGz\">Ezequiel Galli<\/a>,\u00a0<a href=\"https:\/\/gmail.us17.list-manage.com\/track\/click?u=cba2a41506a8e26d100c3f0f8&amp;id=66f4be5a5f&amp;e=b6c762679c\" target=\"_blank\" rel=\"noopener\" data-saferedirecturl=\"https:\/\/www.google.com\/url?q=https:\/\/gmail.us17.list-manage.com\/track\/click?u%3Dcba2a41506a8e26d100c3f0f8%26id%3D66f4be5a5f%26e%3Db6c762679c&amp;source=gmail&amp;ust=1669668902444000&amp;usg=AOvVaw28O4s-k5-k9pgKarquKl-F\">Maximiliano Wesner<\/a>\u00a0y\u00a0<a href=\"https:\/\/gmail.us17.list-manage.com\/track\/click?u=cba2a41506a8e26d100c3f0f8&amp;id=adf61a63f2&amp;e=b6c762679c\" target=\"_blank\" rel=\"noopener\" data-saferedirecturl=\"https:\/\/www.google.com\/url?q=https:\/\/gmail.us17.list-manage.com\/track\/click?u%3Dcba2a41506a8e26d100c3f0f8%26id%3Dadf61a63f2%26e%3Db6c762679c&amp;source=gmail&amp;ust=1669668902444000&amp;usg=AOvVaw3rctD2hmX3wnWgCE00MweV\">Cecilia Krivochen<\/a>\u00a0por el aniversario de Olavarr\u00eda. Hablar de pol\u00edtica sin hacerlo expl\u00edcitamente. Interesante ejercicio.<\/p>\n<p><em>* Un extracto<\/em><\/p>\n<p>&nbsp;<\/p>\n<p><em>Esta publicaci\u00f3n es parte de la edici\u00f3n de este domingo del newsletter Volver a las Fuentes que escriben Alexis Grierson y Josefina Bargas.\u00a0<a href=\"https:\/\/mailchi.mp\/4ffe2c6bcb1a\/el-mundial-de-los-preparativos-electorales?e=b6c762679c\" target=\"_blank\" rel=\"noopener\">La\u00a0edici\u00f3n completa est\u00e1 disponible aqu\u00ed<\/a>\u00a0y se pueden realizar suscripciones y aportes \u00fanicos\u00a0<a href=\"https:\/\/linktr.ee\/nhdp_valf\" target=\"_blank\" rel=\"noopener\">aqu\u00ed.\u00a0<\/a><\/em><\/p>\n","protected":false},"excerpt":{"rendered":"<p>Se viene la presentaci\u00f3n del Presupuesto 2023, aunque hubo adelantos. Algunos ya est\u00e1n en la carrera por la intendencia e<\/p>\n","protected":false},"author":5,"featured_media":71173,"comment_status":"closed","ping_status":"closed","sticky":false,"template":"","format":"standard","meta":{"_jetpack_memberships_contains_paid_content":false,"footnotes":""},"categories":[4,1],"tags":[],"class_list":["post-71172","post","type-post","status-publish","format-standard","has-post-thumbnail","hentry","category-politica","category-portada"],"jetpack_featured_media_url":"https:\/\/i0.wp.com\/cdnoticias.com\/wp-content\/uploads\/2022\/11\/unnamed-1-1.jpg?fit=1024%2C615&ssl=1","jetpack_sharing_enabled":true,"_links":{"self":[{"href":"https:\/\/cdnoticias.com\/index.php\/wp-json\/wp\/v2\/posts\/71172","targetHints":{"allow":["GET"]}}],"collection":[{"href":"https:\/\/cdnoticias.com\/index.php\/wp-json\/wp\/v2\/posts"}],"about":[{"href":"https:\/\/cdnoticias.com\/index.php\/wp-json\/wp\/v2\/types\/post"}],"author":[{"embeddable":true,"href":"https:\/\/cdnoticias.com\/index.php\/wp-json\/wp\/v2\/users\/5"}],"replies":[{"embeddable":true,"href":"https:\/\/cdnoticias.com\/index.php\/wp-json\/wp\/v2\/comments?post=71172"}],"version-history":[{"count":0,"href":"https:\/\/cdnoticias.com\/index.php\/wp-json\/wp\/v2\/posts\/71172\/revisions"}],"wp:featuredmedia":[{"embeddable":true,"href":"https:\/\/cdnoticias.com\/index.php\/wp-json\/wp\/v2\/media\/71173"}],"wp:attachment":[{"href":"https:\/\/cdnoticias.com\/index.php\/wp-json\/wp\/v2\/media?parent=71172"}],"wp:term":[{"taxonomy":"category","embeddable":true,"href":"https:\/\/cdnoticias.com\/index.php\/wp-json\/wp\/v2\/categories?post=71172"},{"taxonomy":"post_tag","embeddable":true,"href":"https:\/\/cdnoticias.com\/index.php\/wp-json\/wp\/v2\/tags?post=71172"}],"curies":[{"name":"wp","href":"https:\/\/api.w.org\/{rel}","templated":true}]}}