{"id":71143,"date":"2022-11-26T20:29:23","date_gmt":"2022-11-26T23:29:23","guid":{"rendered":"https:\/\/www.centraldenoticias.com.ar\/?p=71143"},"modified":"2022-11-27T09:08:30","modified_gmt":"2022-11-27T12:08:30","slug":"salaverri-la-sequia-en-la-provincia-empeoro","status":"publish","type":"post","link":"https:\/\/cdnoticias.com\/index.php\/2022\/11\/26\/salaverri-la-sequia-en-la-provincia-empeoro\/","title":{"rendered":"Salaverri: \u201cLa sequ\u00eda en la provincia empeor\u00f3\u201d"},"content":{"rendered":"<p>El presidente de Carbap asegur\u00f3 que al bajo perfil de agua en los suelos se le suman las altas temperaturas de los \u00faltimos d\u00edas y \u201cpara colmo, las heladas tard\u00edas quemaron el poco trigo que estaba bueno\u201d.<!--more--><\/p>\n<hr \/>\n<p>La situaci\u00f3n de los campos en la provincia de Buenos Aires por la <strong>sequia hist\u00f3rica<\/strong> \u201cempeor\u00f3\u201d y afecta a unos \u201c6 o 7 millones de hect\u00e1reas\u201d, afirm\u00f3 Horacio Salaverri, presidente de la Confederaci\u00f3n de Asociaciones Rurales de Buenos Aires y La Pampa (Carbap). A\u00f1adi\u00f3 que al bajo perfil de agua en los suelos se le suman las altas temperaturas de los \u00faltimos d\u00edas y \u201cpara colmo, las heladas tard\u00edas quemaron el poco trigo que estaba bueno\u201d. Por otra parte, el titular de la entidad agropecuaria asegur\u00f3 que<strong> el \u201cd\u00f3lar soja 2\u201d anunciado por el Gobierno no es m\u00e1s que \u201cun parche\u201d.<\/strong><\/p>\n<p>&nbsp;<\/p>\n<p>\u201cLa situaci\u00f3n por la sequ\u00eda est\u00e1 peor\u201d, cont\u00f3 Salaverri a Radio Provincia. \u201cEntend\u00edamos que iba a haber unos 42, 43 distritos que se iba a presentar en emergencia y en realidad la presentaci\u00f3n fue por m\u00e1s de 60. Se ven situaciones muy angustiantes, no solo de la parte agr\u00edcola donde ya directamente se ha perdido la cosecha de trigo, sino que el gran problema que se est\u00e1 viendo ahora es la situaci\u00f3n del alimento de los animales.<strong> No hay pasturas naturales. No se pudieron salvar del verano y no hay existencia de reservas para el invierno<\/strong>\u201d.<\/p>\n<p>&nbsp;<\/p>\n<p>Acerca de si se puede hacer una estimaci\u00f3n de p\u00e9rdidas en el sector, el titular de Carbap dijo que \u201cdesde el punto d vista agr\u00edcola se ver\u00e1 cuando termine la cosecha de trigo, pero dir\u00eda que el gran problema va a ser tambi\u00e9n que <strong>hay p\u00e9rdidas que no son mensurables en la emergencia y que tiene que ver con los contratistas.<\/strong> Los contratistas rurales, que alquilan los campos y que trabajan para hacer 5.000 hect\u00e1reas al a\u00f1o hoy no lo van a poder hacer, entonces el problema que tiene no est\u00e1 producido por por el costo que invirti\u00f3 sino por la imposibilidad de generar recursos\u201d.<\/p>\n<p>&nbsp;<\/p>\n<p><strong>M\u00e1s de 60 partidos<\/strong><\/p>\n<p>&nbsp;<\/p>\n<p><strong>Salaverri afirm\u00f3 que la situaci\u00f3n por la sequ\u00eda est\u00e1 \u201cpeor\u201d.<\/strong> \u201cHablamos de unos 63 distritos afectados en la provincia de Buenos Aires, si cada uno tiene un promedio de 150.000 hect\u00e1reas, entonces hay unos 6, 7 millones de hect\u00e1reas afectadas. Si bien las \u00faltimas lluvias lograron que se pueda sembrar soja en el oeste bonaerense, el problema es que en el resto de la provincia el nivel o perfil de agua est\u00e1 muy abajo, por debajo de los 6 metros. Si el productor siembra pero al tiempo tiene 37 grados de temperatura, el suelo de va secando y la planta no puede tomar agua\u201d, insisti\u00f3.<\/p>\n<p>&nbsp;<\/p>\n<p>Mientras que a esto se le suma \u201calgo que este a\u00f1o fue tremendo, se mezcl\u00f3 un esquema de sequ\u00eda con un tema de heladas muy fuerte y muy tard\u00eda. Las \u00faltimas heladas fueron a fines de octubre, principios de noviembre, una situaci\u00f3n irreal, eso quem\u00f3 mucho trigo que estaba bueno\u201d.<\/p>\n<p>&nbsp;<\/p>\n<p><strong>D\u00f3lar soja<\/strong><\/p>\n<p>&nbsp;<\/p>\n<p>Por otra parte, Horacio Salaverri consider\u00f3 que la decisi\u00f3n del Gobierno nacional de poner en marcha a partir del lunes una nueva edici\u00f3n del <strong>\u201cd\u00f3lar soja\u201d a $ 230 \u201ces un parche\u201d.<\/strong><\/p>\n<p>&nbsp;<\/p>\n<p>\u201cEntendemos que<strong> esto es un parch<\/strong>e, lo que se necesita es una modificaci\u00f3n de la brecha cambiaria lo cual facilitar\u00eda la situaci\u00f3n de todo el sector agropecuario. A nuestro entender hubo una apropiaci\u00f3n de la soja del sector agroexportador. No tenemos inconvenientes que sean de caracter\u00edsticas multinacionales pero el gobierno beneficia esas cuestiones\u201d, indic\u00f3.<\/p>\n<p>&nbsp;<\/p>\n<p>\u201cEntendemos que esto no mejora al productor, no es una pol\u00edtica directa que beneficie al sector agropecuario. Lo que ansiamos es una <strong>medida a largo plazo con estabilidad econ\u00f3mica<\/strong>\u201d, sentenci\u00f3.<\/p>\n<p>&nbsp;<\/p>\n<p>Fuente: DIB.<\/p>\n","protected":false},"excerpt":{"rendered":"<p>El presidente de Carbap asegur\u00f3 que al bajo perfil de agua en los suelos se le suman las altas temperaturas<\/p>\n","protected":false},"author":5,"featured_media":71144,"comment_status":"closed","ping_status":"closed","sticky":false,"template":"","format":"standard","meta":{"_jetpack_memberships_contains_paid_content":false,"footnotes":""},"categories":[6,1],"tags":[],"class_list":["post-71143","post","type-post","status-publish","format-standard","has-post-thumbnail","hentry","category-nacionales","category-portada"],"jetpack_featured_media_url":"https:\/\/i0.wp.com\/cdnoticias.com\/wp-content\/uploads\/2022\/11\/sequia-3-1-696x461-1.jpg?fit=696%2C461&ssl=1","jetpack_sharing_enabled":true,"_links":{"self":[{"href":"https:\/\/cdnoticias.com\/index.php\/wp-json\/wp\/v2\/posts\/71143","targetHints":{"allow":["GET"]}}],"collection":[{"href":"https:\/\/cdnoticias.com\/index.php\/wp-json\/wp\/v2\/posts"}],"about":[{"href":"https:\/\/cdnoticias.com\/index.php\/wp-json\/wp\/v2\/types\/post"}],"author":[{"embeddable":true,"href":"https:\/\/cdnoticias.com\/index.php\/wp-json\/wp\/v2\/users\/5"}],"replies":[{"embeddable":true,"href":"https:\/\/cdnoticias.com\/index.php\/wp-json\/wp\/v2\/comments?post=71143"}],"version-history":[{"count":0,"href":"https:\/\/cdnoticias.com\/index.php\/wp-json\/wp\/v2\/posts\/71143\/revisions"}],"wp:featuredmedia":[{"embeddable":true,"href":"https:\/\/cdnoticias.com\/index.php\/wp-json\/wp\/v2\/media\/71144"}],"wp:attachment":[{"href":"https:\/\/cdnoticias.com\/index.php\/wp-json\/wp\/v2\/media?parent=71143"}],"wp:term":[{"taxonomy":"category","embeddable":true,"href":"https:\/\/cdnoticias.com\/index.php\/wp-json\/wp\/v2\/categories?post=71143"},{"taxonomy":"post_tag","embeddable":true,"href":"https:\/\/cdnoticias.com\/index.php\/wp-json\/wp\/v2\/tags?post=71143"}],"curies":[{"name":"wp","href":"https:\/\/api.w.org\/{rel}","templated":true}]}}