{"id":7108,"date":"2020-11-23T10:54:13","date_gmt":"2020-11-23T13:54:13","guid":{"rendered":"http:\/\/www.centraldenoticias.com.ar\/?p=7108"},"modified":"2020-11-23T12:55:24","modified_gmt":"2020-11-23T15:55:24","slug":"covid-ya-se-capacitan-19-personas-para-ser-vacunadores","status":"publish","type":"post","link":"https:\/\/cdnoticias.com\/index.php\/2020\/11\/23\/covid-ya-se-capacitan-19-personas-para-ser-vacunadores\/","title":{"rendered":"Covid: ya se capacitan 19 personas para ser vacunadores"},"content":{"rendered":"<p>Con ellos, el plantel de la Regi\u00f3n Sanitaria IX llegar\u00e1 a un m\u00e1ximo de 30. La inscripci\u00f3n para profesionales de la salud voluntarios sigue abierta.<!--more--><\/p>\n<hr \/>\n<p>En la primera semana de noviembre la Regi\u00f3n Sanitaria IX <a href=\"https:\/\/cdnoticias.com\/index.php\/2020\/11\/06\/vacuna-contra-el-covid-la-region-ix-convoco-a-profesionales-a-capacitarse\/\" target=\"_blank\" rel=\"noopener\">lanz\u00f3 en Olavarr\u00eda una convocatoria<\/a> para <strong>profesionales de la salud interesados en capacitarse para participar de la campa\u00f1a de vacunaci\u00f3n contra el Covid-19<\/strong>.<\/p>\n<p>El titular del \u00e1rea, Ramiro Borzi, confirm\u00f3 a <strong>Central de Noticias<\/strong> que <strong>actualmente 19 personas iniciaron la capacitaci\u00f3n que dicta el Ministerio de Salud bonaerense<\/strong>. Se brinda en el marco del operativo que la cartera que conduce Daniel Goll\u00e1n planific\u00f3 para la aplicaci\u00f3n de la vacuna, aunque se desconoce cu\u00e1l de las que se estudian podr\u00e1 estar disponible.<\/p>\n<p>En tanto, el director de la Regi\u00f3n Sanitaria IX con cabecera en Azul y que incluye una decena de distritos, entre ellos Olavarr\u00eda, indic\u00f3 que<strong> si se suman los profesionales ya especializados en el tema, se cuentan entre 25 y 30 personas en total<\/strong>.<\/p>\n<p><img data-recalc-dims=\"1\" loading=\"lazy\" decoding=\"async\" class=\"aligncenter wp-image-7110\" src=\"https:\/\/i0.wp.com\/cdnoticias.com\/wp-content\/uploads\/2020\/11\/registro-de-vacunadores.jpg?resize=500%2C500&#038;ssl=1\" alt=\"\" width=\"500\" height=\"500\" srcset=\"https:\/\/i0.wp.com\/cdnoticias.com\/wp-content\/uploads\/2020\/11\/registro-de-vacunadores.jpg?resize=1024%2C1024&amp;ssl=1 1024w, https:\/\/i0.wp.com\/cdnoticias.com\/wp-content\/uploads\/2020\/11\/registro-de-vacunadores.jpg?resize=150%2C150&amp;ssl=1 150w, https:\/\/i0.wp.com\/cdnoticias.com\/wp-content\/uploads\/2020\/11\/registro-de-vacunadores.jpg?resize=300%2C300&amp;ssl=1 300w, https:\/\/i0.wp.com\/cdnoticias.com\/wp-content\/uploads\/2020\/11\/registro-de-vacunadores.jpg?resize=768%2C768&amp;ssl=1 768w, https:\/\/i0.wp.com\/cdnoticias.com\/wp-content\/uploads\/2020\/11\/registro-de-vacunadores.jpg?w=1280&amp;ssl=1 1280w\" sizes=\"auto, (max-width: 500px) 100vw, 500px\" \/><\/p>\n<p>Borzi apunt\u00f3 por un lado, a que <strong>los aplicadores rotar\u00e1n por los municipios de la Regi\u00f3n IX<\/strong> para llevar adelante su tarea; y por otro, a que <strong>sigue abierta la inscripci\u00f3n de los interesados<\/strong>.<\/p>\n<p><strong>Inscripci\u00f3n<\/strong><\/p>\n<p>A fin de anotarse en el registro de inscripci\u00f3n para vacunadores voluntarios de Covid-19 se convoc\u00f3 a <strong>profesionales de medicina, enfermer\u00eda, bioqu\u00edmica, farmacia, kinesiolog\u00eda y estudiantes avanzados de carreras afines<\/strong> de Olavarr\u00eda.<\/p>\n<blockquote><p>Los interesados podr\u00e1n contactarse al 02281-423410 de 8 a 13 \u00f3 escribir a secregix@ms.gba.gov.ar.<\/p><\/blockquote>\n<p>La convocatoria se realiz\u00f3 de manera conjunta entre la Regi\u00f3n IX, PAMI, IOMA, el Hospital de Oncolog\u00eda de Olavarr\u00eda y la Gobernaci\u00f3n de la Provincia de Buenos Aires.<\/p>\n<p><strong>Operativo<\/strong><\/p>\n<p>Cuando se lanz\u00f3 el operativo provincial, Borzi defini\u00f3 que se trat\u00f3 de <strong>\u201cun hecho hist\u00f3rico en materia de vacunaci\u00f3n masiva\u201d<\/strong>. Si bien no se expusieron muchas precisiones, se plante\u00f3 que habr\u00e1 una <strong>primera etapa de llegada a profesionales de la salud y mayores de 65 a\u00f1os<\/strong> que implicar\u00eda unas 10 mil dosis.<\/p>\n<p><img data-recalc-dims=\"1\" loading=\"lazy\" decoding=\"async\" class=\"aligncenter wp-image-7109\" src=\"https:\/\/i0.wp.com\/cdnoticias.com\/wp-content\/uploads\/2020\/11\/ramiro-borzi.jpg?resize=500%2C393&#038;ssl=1\" alt=\"\" width=\"500\" height=\"393\" srcset=\"https:\/\/i0.wp.com\/cdnoticias.com\/wp-content\/uploads\/2020\/11\/ramiro-borzi.jpg?resize=300%2C236&amp;ssl=1 300w, https:\/\/i0.wp.com\/cdnoticias.com\/wp-content\/uploads\/2020\/11\/ramiro-borzi.jpg?resize=768%2C603&amp;ssl=1 768w, https:\/\/i0.wp.com\/cdnoticias.com\/wp-content\/uploads\/2020\/11\/ramiro-borzi.jpg?w=875&amp;ssl=1 875w\" sizes=\"auto, (max-width: 500px) 100vw, 500px\" \/><\/p>\n<p>Aclar\u00f3 que \u201ctodav\u00eda no se sabe a ciencia cierta qu\u00e9 tipo de vacuna va a ser\u201d aunque igualmente se pidi\u00f3 a las Regiones Sanitarias \u201cque comencemos a trabajar en todo lo que hace a la log\u00edstica, a la recepci\u00f3n de la vacuna, a la futura distribuci\u00f3n y, obviamente, tambi\u00e9n en lo que va a ser la aplicaci\u00f3n\u201d.<\/p>\n<p>Desde la Regi\u00f3n Sanitaria IX se proyect\u00f3 la campa\u00f1a <strong>de manera \u201ccomplementaria\u201d al trabajo que tradicionalmente se realiza desde el estado Municipal<\/strong> dijo Borzi.<\/p>\n<p>El funcionario de la cartera de Salud provincial tuvo en cuenta que la<strong> futura campa\u00f1a \u201cva a abarcar como nunca a una cantidad de poblaci\u00f3n que nunca ha pasado\u201d<\/strong> y consider\u00f3 que \u201cno va a costar mucho el convencimiento\u201d a la poblaci\u00f3n para las aplicaciones. \u201c<strong>Hay en la sociedad una expectativa<\/strong> por la llegada de la vacuna que nos permita volver a la normalidad\u201d argument\u00f3.<\/p>\n","protected":false},"excerpt":{"rendered":"<p>Con ellos, el plantel de la Regi\u00f3n Sanitaria IX llegar\u00e1 a un m\u00e1ximo de 30. La inscripci\u00f3n para profesionales de<\/p>\n","protected":false},"author":4,"featured_media":5824,"comment_status":"closed","ping_status":"closed","sticky":false,"template":"","format":"standard","meta":{"_jetpack_memberships_contains_paid_content":false,"footnotes":""},"categories":[5,1],"tags":[],"class_list":["post-7108","post","type-post","status-publish","format-standard","has-post-thumbnail","hentry","category-informacion-general","category-portada"],"jetpack_featured_media_url":"https:\/\/i0.wp.com\/cdnoticias.com\/wp-content\/uploads\/2020\/11\/Ramiro-Borzi.jpg?fit=4608%2C3072&ssl=1","jetpack_sharing_enabled":true,"_links":{"self":[{"href":"https:\/\/cdnoticias.com\/index.php\/wp-json\/wp\/v2\/posts\/7108","targetHints":{"allow":["GET"]}}],"collection":[{"href":"https:\/\/cdnoticias.com\/index.php\/wp-json\/wp\/v2\/posts"}],"about":[{"href":"https:\/\/cdnoticias.com\/index.php\/wp-json\/wp\/v2\/types\/post"}],"author":[{"embeddable":true,"href":"https:\/\/cdnoticias.com\/index.php\/wp-json\/wp\/v2\/users\/4"}],"replies":[{"embeddable":true,"href":"https:\/\/cdnoticias.com\/index.php\/wp-json\/wp\/v2\/comments?post=7108"}],"version-history":[{"count":0,"href":"https:\/\/cdnoticias.com\/index.php\/wp-json\/wp\/v2\/posts\/7108\/revisions"}],"wp:featuredmedia":[{"embeddable":true,"href":"https:\/\/cdnoticias.com\/index.php\/wp-json\/wp\/v2\/media\/5824"}],"wp:attachment":[{"href":"https:\/\/cdnoticias.com\/index.php\/wp-json\/wp\/v2\/media?parent=7108"}],"wp:term":[{"taxonomy":"category","embeddable":true,"href":"https:\/\/cdnoticias.com\/index.php\/wp-json\/wp\/v2\/categories?post=7108"},{"taxonomy":"post_tag","embeddable":true,"href":"https:\/\/cdnoticias.com\/index.php\/wp-json\/wp\/v2\/tags?post=7108"}],"curies":[{"name":"wp","href":"https:\/\/api.w.org\/{rel}","templated":true}]}}