{"id":70991,"date":"2022-11-25T12:45:33","date_gmt":"2022-11-25T15:45:33","guid":{"rendered":"https:\/\/www.centraldenoticias.com.ar\/?p=70991"},"modified":"2022-11-25T12:46:03","modified_gmt":"2022-11-25T15:46:03","slug":"se-realizo-el-acto-protocolar-por-los-155-anos-de-olavarria","status":"publish","type":"post","link":"https:\/\/cdnoticias.com\/index.php\/2022\/11\/25\/se-realizo-el-acto-protocolar-por-los-155-anos-de-olavarria\/","title":{"rendered":"Se realiz\u00f3 el acto protocolar por los 155 a\u00f1os de Olavarr\u00eda"},"content":{"rendered":"<p>En el marco del aniversario de la ciudad, el intendente Ezequiel Galli encabez\u00f3 la ceremonia en la Plaza Coronel \u00c1lvaro Barros. Galer\u00eda de im\u00e1genes.<!--more--><\/p>\n<hr \/>\n<p>En la ma\u00f1ana de este viernes -en la Plaza Coronel \u00c1lvaro Barros- el intendente Ezequiel Galli encabez\u00f3 el acto protocolar por el <strong>aniversario N\u00b0155 de Olavarr\u00eda<\/strong>, acompa\u00f1ado por miembros de su Gabinete, del Honorable Concejo Deliberante, de diferentes instituciones del Partido y vecinos.<\/p>\n<p>&nbsp;<\/p>\n<p>La ceremonia comenz\u00f3 con la entonaci\u00f3n del Himno Nacional Argentino y la colocaci\u00f3n de palmas al pie del busto al Coronel \u00c1lvaro Barros.<\/p>\n<p>&nbsp;<\/p>\n<p>\u201cEn esta hermosa ma\u00f1ana en la que estamos homenajeando al fundador de nuestro Partido, realmente es un honor para m\u00ed, en estos 155 a\u00f1os, poder estar en este homenaje recordando la historia de Olavarr\u00eda, <strong>pensando en la historia de Olavarr\u00eda, pero tambi\u00e9n pensando en el futuro de la ciudad, en el futuro de nuestro Partido<\/strong>\u201d, dijo el Intendente en su discurso.<\/p>\n<p>&nbsp;<\/p>\n<p><img data-recalc-dims=\"1\" loading=\"lazy\" decoding=\"async\" class=\"aligncenter size-full wp-image-70974\" src=\"https:\/\/i0.wp.com\/cdnoticias.com\/wp-content\/uploads\/2022\/11\/155-aniversario-olavarria-08.jpg?resize=800%2C445&#038;ssl=1\" alt=\"\" width=\"800\" height=\"445\" srcset=\"https:\/\/i0.wp.com\/cdnoticias.com\/wp-content\/uploads\/2022\/11\/155-aniversario-olavarria-08.jpg?w=800&amp;ssl=1 800w, https:\/\/i0.wp.com\/cdnoticias.com\/wp-content\/uploads\/2022\/11\/155-aniversario-olavarria-08.jpg?resize=300%2C167&amp;ssl=1 300w, https:\/\/i0.wp.com\/cdnoticias.com\/wp-content\/uploads\/2022\/11\/155-aniversario-olavarria-08.jpg?resize=768%2C427&amp;ssl=1 768w\" sizes=\"auto, (max-width: 800px) 100vw, 800px\" \/><\/p>\n<p>&nbsp;<\/p>\n<blockquote><p>Asimismo, se refiri\u00f3 a \u201cnuestro \u2018gen olavarriense\u2019, del ADN olavarriense, que tanto empuje tiene, de nuestra industria, de nuestro campo, de nuestro sector productivo y de nuestros vecinos, que d\u00eda a d\u00eda se levantan pensando en progresar, en salir adelante, en trabajar, y es algo que nos identifica y nos identifica mucho\u201d.<\/p><\/blockquote>\n<p>&nbsp;<\/p>\n<p>Finalmente sostuvo que \u201cpara m\u00ed es un honor estar -como Intendente\u2013 brindando estas breves palabras y agradecerles a todos el acompa\u00f1amiento, porque <strong>Olavarr\u00eda merece que todos estemos ac\u00e1 y merece que pensemos en c\u00f3mo seguir creciendo.<\/strong> Muchas gracias y feliz aniversario para todos\u201d.<\/p>\n<p>&nbsp;<\/p>\n<p>Finalmente, representantes de la Ciudad de Buenos Aires hicieron entrega de una placa conmemorativa al intendente Ezequiel Galli.<\/p>\n<p>&nbsp;<\/p>\n<p>[soliloquy id=&#8221;70980&#8243;]<\/p>\n","protected":false},"excerpt":{"rendered":"<p>En el marco del aniversario de la ciudad, el intendente Ezequiel Galli encabez\u00f3 la ceremonia en la Plaza Coronel \u00c1lvaro<\/p>\n","protected":false},"author":5,"featured_media":70967,"comment_status":"closed","ping_status":"closed","sticky":false,"template":"","format":"standard","meta":{"_jetpack_memberships_contains_paid_content":false,"footnotes":""},"categories":[5,1],"tags":[],"class_list":["post-70991","post","type-post","status-publish","format-standard","has-post-thumbnail","hentry","category-informacion-general","category-portada"],"jetpack_featured_media_url":"https:\/\/i0.wp.com\/cdnoticias.com\/wp-content\/uploads\/2022\/11\/155-aniversario-olavarria-01.jpg?fit=800%2C445&ssl=1","jetpack_sharing_enabled":true,"_links":{"self":[{"href":"https:\/\/cdnoticias.com\/index.php\/wp-json\/wp\/v2\/posts\/70991","targetHints":{"allow":["GET"]}}],"collection":[{"href":"https:\/\/cdnoticias.com\/index.php\/wp-json\/wp\/v2\/posts"}],"about":[{"href":"https:\/\/cdnoticias.com\/index.php\/wp-json\/wp\/v2\/types\/post"}],"author":[{"embeddable":true,"href":"https:\/\/cdnoticias.com\/index.php\/wp-json\/wp\/v2\/users\/5"}],"replies":[{"embeddable":true,"href":"https:\/\/cdnoticias.com\/index.php\/wp-json\/wp\/v2\/comments?post=70991"}],"version-history":[{"count":0,"href":"https:\/\/cdnoticias.com\/index.php\/wp-json\/wp\/v2\/posts\/70991\/revisions"}],"wp:featuredmedia":[{"embeddable":true,"href":"https:\/\/cdnoticias.com\/index.php\/wp-json\/wp\/v2\/media\/70967"}],"wp:attachment":[{"href":"https:\/\/cdnoticias.com\/index.php\/wp-json\/wp\/v2\/media?parent=70991"}],"wp:term":[{"taxonomy":"category","embeddable":true,"href":"https:\/\/cdnoticias.com\/index.php\/wp-json\/wp\/v2\/categories?post=70991"},{"taxonomy":"post_tag","embeddable":true,"href":"https:\/\/cdnoticias.com\/index.php\/wp-json\/wp\/v2\/tags?post=70991"}],"curies":[{"name":"wp","href":"https:\/\/api.w.org\/{rel}","templated":true}]}}