{"id":70951,"date":"2022-11-26T10:29:02","date_gmt":"2022-11-26T13:29:02","guid":{"rendered":"https:\/\/www.centraldenoticias.com.ar\/?p=70951"},"modified":"2022-11-26T10:29:02","modified_gmt":"2022-11-26T13:29:02","slug":"la-yumba-cumple-cuatro-anos-y-lo-festeja-este-domingo","status":"publish","type":"post","link":"https:\/\/cdnoticias.com\/index.php\/2022\/11\/26\/la-yumba-cumple-cuatro-anos-y-lo-festeja-este-domingo\/","title":{"rendered":"La Yumba cumple cuatro a\u00f1os y lo festeja este domingo"},"content":{"rendered":"<p>Ser\u00e1 desde las 16:30 en la plaza ubicada en barrio Luj\u00e1n. Habr\u00e1 actividades art\u00edsticas, feria y servicio de cantina.<!--more--><\/p>\n<hr \/>\n<p>El festejo por el cumplea\u00f1os de La Yumba se realizar\u00e1 este <strong>domingo 27 de noviembre a partir de las 16:30 en la plaza del barrio Lujan (Av. Urquiza y A. Barros).<\/strong><\/p>\n<p>&nbsp;<\/p>\n<p>Habr\u00e1 <strong>intervenciones art\u00edsticas, m\u00fasica, bandas en vivo, radio abierta, feria popular y servicio de cantina.<\/strong> La entrada es libre y gratuita.<\/p>\n<p>&nbsp;<\/p>\n<p><strong>Se presentar\u00e1n:<\/strong><\/p>\n<p><strong>Muestra de Talleres de la Yumba<\/strong><\/p>\n<p>Guitarra: Profe Alma Martinengo<\/p>\n<p>Hula Hoop: Profe Mica Piquet<\/p>\n<p>Folklore: Profe Esteban Salguero<\/p>\n<p>Tango: Profes Tatiana Veneziano- Florencia Mattaini Intervenci\u00f3n a Cargo de\u00a0 Sebas Borelli<\/p>\n<p>&nbsp;<\/p>\n<p><img data-recalc-dims=\"1\" loading=\"lazy\" decoding=\"async\" class=\"aligncenter size-full wp-image-70953\" src=\"https:\/\/i0.wp.com\/cdnoticias.com\/wp-content\/uploads\/2022\/11\/WhatsApp-Image-2022-11-24-at-07.57.15-1.jpeg?resize=800%2C800&#038;ssl=1\" alt=\"\" width=\"800\" height=\"800\" srcset=\"https:\/\/i0.wp.com\/cdnoticias.com\/wp-content\/uploads\/2022\/11\/WhatsApp-Image-2022-11-24-at-07.57.15-1.jpeg?w=1080&amp;ssl=1 1080w, https:\/\/i0.wp.com\/cdnoticias.com\/wp-content\/uploads\/2022\/11\/WhatsApp-Image-2022-11-24-at-07.57.15-1.jpeg?resize=300%2C300&amp;ssl=1 300w, https:\/\/i0.wp.com\/cdnoticias.com\/wp-content\/uploads\/2022\/11\/WhatsApp-Image-2022-11-24-at-07.57.15-1.jpeg?resize=1024%2C1024&amp;ssl=1 1024w, https:\/\/i0.wp.com\/cdnoticias.com\/wp-content\/uploads\/2022\/11\/WhatsApp-Image-2022-11-24-at-07.57.15-1.jpeg?resize=150%2C150&amp;ssl=1 150w, https:\/\/i0.wp.com\/cdnoticias.com\/wp-content\/uploads\/2022\/11\/WhatsApp-Image-2022-11-24-at-07.57.15-1.jpeg?resize=768%2C768&amp;ssl=1 768w\" sizes=\"auto, (max-width: 800px) 100vw, 800px\" \/><\/p>\n<p>&nbsp;<\/p>\n<p>Zayla<\/p>\n<p>Martin Saavedra<\/p>\n<p>La Maywa<\/p>\n<p>Alejandro Bellendier<\/p>\n<p>Mart\u00edn Barraza<\/p>\n<p>Pablo Gonz\u00e1lez<\/p>\n<p>Rama Roark<\/p>\n<p>Nahuel Medina<\/p>\n<p>Johnny Boy<\/p>\n<p>&nbsp;<\/p>\n","protected":false},"excerpt":{"rendered":"<p>Ser\u00e1 desde las 16:30 en la plaza ubicada en barrio Luj\u00e1n. Habr\u00e1 actividades art\u00edsticas, feria y servicio de cantina.<\/p>\n","protected":false},"author":5,"featured_media":70952,"comment_status":"closed","ping_status":"closed","sticky":false,"template":"","format":"standard","meta":{"_jetpack_memberships_contains_paid_content":false,"footnotes":""},"categories":[9,1],"tags":[],"class_list":["post-70951","post","type-post","status-publish","format-standard","has-post-thumbnail","hentry","category-cultura","category-portada"],"jetpack_featured_media_url":"https:\/\/i0.wp.com\/cdnoticias.com\/wp-content\/uploads\/2022\/11\/la-yumba-festival.jpg?fit=1800%2C1080&ssl=1","jetpack_sharing_enabled":true,"_links":{"self":[{"href":"https:\/\/cdnoticias.com\/index.php\/wp-json\/wp\/v2\/posts\/70951","targetHints":{"allow":["GET"]}}],"collection":[{"href":"https:\/\/cdnoticias.com\/index.php\/wp-json\/wp\/v2\/posts"}],"about":[{"href":"https:\/\/cdnoticias.com\/index.php\/wp-json\/wp\/v2\/types\/post"}],"author":[{"embeddable":true,"href":"https:\/\/cdnoticias.com\/index.php\/wp-json\/wp\/v2\/users\/5"}],"replies":[{"embeddable":true,"href":"https:\/\/cdnoticias.com\/index.php\/wp-json\/wp\/v2\/comments?post=70951"}],"version-history":[{"count":0,"href":"https:\/\/cdnoticias.com\/index.php\/wp-json\/wp\/v2\/posts\/70951\/revisions"}],"wp:featuredmedia":[{"embeddable":true,"href":"https:\/\/cdnoticias.com\/index.php\/wp-json\/wp\/v2\/media\/70952"}],"wp:attachment":[{"href":"https:\/\/cdnoticias.com\/index.php\/wp-json\/wp\/v2\/media?parent=70951"}],"wp:term":[{"taxonomy":"category","embeddable":true,"href":"https:\/\/cdnoticias.com\/index.php\/wp-json\/wp\/v2\/categories?post=70951"},{"taxonomy":"post_tag","embeddable":true,"href":"https:\/\/cdnoticias.com\/index.php\/wp-json\/wp\/v2\/tags?post=70951"}],"curies":[{"name":"wp","href":"https:\/\/api.w.org\/{rel}","templated":true}]}}