{"id":70907,"date":"2022-11-24T19:18:49","date_gmt":"2022-11-24T22:18:49","guid":{"rendered":"https:\/\/www.centraldenoticias.com.ar\/?p=70907"},"modified":"2022-11-25T08:24:42","modified_gmt":"2022-11-25T11:24:42","slug":"gran-convocatoria-en-el-homenaje-local-a-hebe-de-bonafini","status":"publish","type":"post","link":"https:\/\/cdnoticias.com\/index.php\/2022\/11\/24\/gran-convocatoria-en-el-homenaje-local-a-hebe-de-bonafini\/","title":{"rendered":"Gran convocatoria en el Homenaje local a Hebe de Bonafini"},"content":{"rendered":"<p>M\u00e1s de 100 personas se concentraron en la tarde de este jueves en la Plaza Central. La recordaron como &#8220;una gran persona, a\u00fan en las diferencias&#8221;.<!--more--><\/p>\n<hr \/>\n<p>Este jueves por la tarde se realiz\u00f3 un<strong> sentido Homenaje a Hebe de Bonafini para recordar la lucha de la cofundadora de Madres de Plaza de Mayo. quien falleci\u00f3 el pasado domingo.<\/strong><\/p>\n<p>&nbsp;<\/p>\n<blockquote><p>M\u00e1s de 100 personas se concentraron en la Plaza Central, entre ellas, integrantes de organizaciones sociales, pol\u00edticas y de derechos humanos.<\/p><\/blockquote>\n<p>&nbsp;<\/p>\n<p><strong>La convocatoria la realiz\u00f3 la Comisi\u00f3n por la Memoria<\/strong> y entre los presentes estuvieron v\u00edctimas y familiares de v\u00edctimas de terrorismo de Estado en nuestra ciudad, los consejeros escolares Ariel Rodriguez, el funcionario provincial Federico Aguilera, el funcionario de Educaci\u00f3n Julio Benitez, integrantes de la Comisi\u00f3n por la Memoria, los concejales Maximiliano Wesner, Mercedes Landivar, integrantes de Suteba, el dirigente del peronismo Alan Aguirre entre otros.<\/p>\n<p>&nbsp;<\/p>\n<p><img data-recalc-dims=\"1\" loading=\"lazy\" decoding=\"async\" class=\"alignnone size-large wp-image-70914\" src=\"https:\/\/i0.wp.com\/cdnoticias.com\/wp-content\/uploads\/2022\/11\/WhatsApp-Image-2022-11-24-at-18.29.46.jpeg?resize=800%2C598&#038;ssl=1\" alt=\"\" width=\"800\" height=\"598\" srcset=\"https:\/\/i0.wp.com\/cdnoticias.com\/wp-content\/uploads\/2022\/11\/WhatsApp-Image-2022-11-24-at-18.29.46.jpeg?resize=1024%2C766&amp;ssl=1 1024w, https:\/\/i0.wp.com\/cdnoticias.com\/wp-content\/uploads\/2022\/11\/WhatsApp-Image-2022-11-24-at-18.29.46.jpeg?resize=300%2C224&amp;ssl=1 300w, https:\/\/i0.wp.com\/cdnoticias.com\/wp-content\/uploads\/2022\/11\/WhatsApp-Image-2022-11-24-at-18.29.46.jpeg?resize=768%2C575&amp;ssl=1 768w, https:\/\/i0.wp.com\/cdnoticias.com\/wp-content\/uploads\/2022\/11\/WhatsApp-Image-2022-11-24-at-18.29.46.jpeg?resize=1536%2C1149&amp;ssl=1 1536w, https:\/\/i0.wp.com\/cdnoticias.com\/wp-content\/uploads\/2022\/11\/WhatsApp-Image-2022-11-24-at-18.29.46.jpeg?w=1600&amp;ssl=1 1600w\" sizes=\"auto, (max-width: 800px) 100vw, 800px\" \/><\/p>\n<p>&nbsp;<\/p>\n<p><strong>Carmelo Vinci, \u00fanico orador de la actividad, propuso realizar una ronda en la plaza para acompa\u00f1ar la ronda 2.328 de Madres de Plaza de Mayo en Buenos Aires<\/strong> y resalt\u00f3 <em>&#8220;la gran tarea realizada por Hebe a lo largo de su vida, su fortaleza, su trabajo en momentos muy dif\u00edciles&#8221;<\/em>. Adem\u00e1s se\u00f1al\u00f3 <strong><em>&#8220;lo gran persona que era y que a\u00fan en las diferencias, nunca dej\u00f3 de lado la lucha por los Derechos Humanos&#8221;.<\/em><\/strong><\/p>\n<p>&nbsp;<\/p>\n<p><img data-recalc-dims=\"1\" loading=\"lazy\" decoding=\"async\" class=\"alignnone size-large wp-image-70915\" src=\"https:\/\/i0.wp.com\/cdnoticias.com\/wp-content\/uploads\/2022\/11\/WhatsApp-Image-2022-11-24-at-18.29.45-1.jpeg?resize=800%2C601&#038;ssl=1\" alt=\"\" width=\"800\" height=\"601\" srcset=\"https:\/\/i0.wp.com\/cdnoticias.com\/wp-content\/uploads\/2022\/11\/WhatsApp-Image-2022-11-24-at-18.29.45-1.jpeg?resize=1024%2C769&amp;ssl=1 1024w, https:\/\/i0.wp.com\/cdnoticias.com\/wp-content\/uploads\/2022\/11\/WhatsApp-Image-2022-11-24-at-18.29.45-1.jpeg?resize=300%2C225&amp;ssl=1 300w, https:\/\/i0.wp.com\/cdnoticias.com\/wp-content\/uploads\/2022\/11\/WhatsApp-Image-2022-11-24-at-18.29.45-1.jpeg?resize=768%2C576&amp;ssl=1 768w, https:\/\/i0.wp.com\/cdnoticias.com\/wp-content\/uploads\/2022\/11\/WhatsApp-Image-2022-11-24-at-18.29.45-1.jpeg?resize=1536%2C1153&amp;ssl=1 1536w, https:\/\/i0.wp.com\/cdnoticias.com\/wp-content\/uploads\/2022\/11\/WhatsApp-Image-2022-11-24-at-18.29.45-1.jpeg?w=1600&amp;ssl=1 1600w\" sizes=\"auto, (max-width: 800px) 100vw, 800px\" \/><\/p>\n<p>&nbsp;<\/p>\n<p><em>&#8220;Madres colabor\u00f3 y fue un estandarte para que Argentina sea un s\u00edmbolo de los Derechos Humanos. En nuestro pa\u00eds se logr\u00f3 que los juicios fuesen en Tribunales y gracias al trabajo de Madres se pudo hacer y llegar adelante el Juicio a las Juntas&#8221;<\/em> remarc\u00f3 Vinci y mientras formaban la ronda, grit\u00f3:<strong><em> &#8220;30 mil compa\u00f1eros desaparecidos y Hebe, presente, ahora y siempre&#8221;.<\/em><\/strong><\/p>\n<p>&nbsp;<\/p>\n<blockquote><p><em>&#8220;Cualquier homenaje que hagamos es muy humilde, queremos homenajear a Hebe y adem\u00e1s trabajar y redoblar el compromiso que tenemos para avanzar en la lucha por los Derechos Humanos. Hebe meti\u00f3 los pies en el barro y choc\u00f3 contra intereses. Se meti\u00f3 en pol\u00edtica, pele\u00f3 por los Derechos Humanos en la actualidad, c\u00f3mo la falta de vivienda. Transform\u00f3 el dolor en lucha&#8221;<\/em> expres\u00f3 Vinci.<\/p><\/blockquote>\n<p>&nbsp;<\/p>\n","protected":false},"excerpt":{"rendered":"<p>M\u00e1s de 100 personas se concentraron en la tarde de este jueves en la Plaza Central. La recordaron como &#8220;una<\/p>\n","protected":false},"author":6,"featured_media":70923,"comment_status":"closed","ping_status":"closed","sticky":false,"template":"","format":"standard","meta":{"_jetpack_memberships_contains_paid_content":false,"footnotes":""},"categories":[4,1],"tags":[],"class_list":["post-70907","post","type-post","status-publish","format-standard","has-post-thumbnail","hentry","category-politica","category-portada"],"jetpack_featured_media_url":"https:\/\/i0.wp.com\/cdnoticias.com\/wp-content\/uploads\/2022\/11\/WhatsApp-Image-2022-11-24-at-18.32.37.jpeg?fit=1600%2C1201&ssl=1","jetpack_sharing_enabled":true,"_links":{"self":[{"href":"https:\/\/cdnoticias.com\/index.php\/wp-json\/wp\/v2\/posts\/70907","targetHints":{"allow":["GET"]}}],"collection":[{"href":"https:\/\/cdnoticias.com\/index.php\/wp-json\/wp\/v2\/posts"}],"about":[{"href":"https:\/\/cdnoticias.com\/index.php\/wp-json\/wp\/v2\/types\/post"}],"author":[{"embeddable":true,"href":"https:\/\/cdnoticias.com\/index.php\/wp-json\/wp\/v2\/users\/6"}],"replies":[{"embeddable":true,"href":"https:\/\/cdnoticias.com\/index.php\/wp-json\/wp\/v2\/comments?post=70907"}],"version-history":[{"count":0,"href":"https:\/\/cdnoticias.com\/index.php\/wp-json\/wp\/v2\/posts\/70907\/revisions"}],"wp:featuredmedia":[{"embeddable":true,"href":"https:\/\/cdnoticias.com\/index.php\/wp-json\/wp\/v2\/media\/70923"}],"wp:attachment":[{"href":"https:\/\/cdnoticias.com\/index.php\/wp-json\/wp\/v2\/media?parent=70907"}],"wp:term":[{"taxonomy":"category","embeddable":true,"href":"https:\/\/cdnoticias.com\/index.php\/wp-json\/wp\/v2\/categories?post=70907"},{"taxonomy":"post_tag","embeddable":true,"href":"https:\/\/cdnoticias.com\/index.php\/wp-json\/wp\/v2\/tags?post=70907"}],"curies":[{"name":"wp","href":"https:\/\/api.w.org\/{rel}","templated":true}]}}