{"id":70901,"date":"2022-11-24T19:00:52","date_gmt":"2022-11-24T22:00:52","guid":{"rendered":"https:\/\/www.centraldenoticias.com.ar\/?p=70901"},"modified":"2022-11-24T19:02:27","modified_gmt":"2022-11-24T22:02:27","slug":"politicas-de-genero-estara-presente-en-la-fiesta-de-aniversario-de-olavarria","status":"publish","type":"post","link":"https:\/\/cdnoticias.com\/index.php\/2022\/11\/24\/politicas-de-genero-estara-presente-en-la-fiesta-de-aniversario-de-olavarria\/","title":{"rendered":"Pol\u00edticas de G\u00e9nero estar\u00e1 presente en la fiesta de aniversario de Olavarr\u00eda"},"content":{"rendered":"<p>Tendr\u00e1n un stand especialmente para abordar cuestiones a las violencias por razones de g\u00e9nero.<!--more--><\/p>\n<hr \/>\n<p>En el marco de los festejos por el aniversario de nuestra ciudad, el <strong>equipo municipal de G\u00e9nero estar\u00e1 presente durante la jornada<\/strong> asesorando a la comunidad junto a su equipo de trabajo y poniendo a disposici\u00f3n sus recursos institucionales.<\/p>\n<p>&nbsp;<\/p>\n<p>De esta manera, en un stand especialmente dispuesto en el predio del Parque Helios Eseverri, las profesionales dialogar\u00e1n con aquellas personas que quieran acercarse y <strong>solicitar asesoramiento por cuestiones vinculadas al abordaje de las violencias por razones de g\u00e9nero, o consultas personalizadas.<\/strong><\/p>\n<p>&nbsp;<\/p>\n<p>Adem\u00e1s, contar\u00e1n con folleter\u00eda institucional y calcos que distribuir\u00e1n a la ciudadan\u00eda, al tiempo que conversan sobre la fecha conmemorativa de la <strong>eliminaci\u00f3n de todas las violencias hacia las mujeres<\/strong>, que se recuerda ese d\u00eda.<\/p>\n<p>&nbsp;<\/p>\n<p>&#8220;Estas<strong> acciones de promoci\u00f3n y visibilizaci\u00f3n<\/strong> de recursos, acompa\u00f1adas por el equipo profesional, son importantes porque resultan una oportunidad para reforzar la difusi\u00f3n de los dispositivos de atenci\u00f3n y generar lazos con la ciudadan\u00eda, en el contexto de eventos convocantes, como la fiesta de Olavarr\u00eda, que cada a\u00f1o re\u00fane a miles de personas&#8221; se indic\u00f3.<\/p>\n<p>&nbsp;<\/p>\n<p>En el stand adem\u00e1s,<strong> se expondr\u00e1n los productos y artesan\u00edas realizados por las mujeres que asisten al taller \u201cMujeres Creciendo\u201d<\/strong>, que se desarrolla de manera semanal en la Direcci\u00f3n, y de esta manera, poner en valor su trabajo, y la tarea de los equipos profesionales que las acompa\u00f1an en este recorrido.<\/p>\n<p>&nbsp;<\/p>\n<p>La directora <strong>Florencia Caro<\/strong> expres\u00f3 la importancia de generar presencia en este tipo de eventos masivos, y como Estado, \u201chacer visible en cada oportunidad nuestros recursos para sostener, acompa\u00f1ar y proteger a las mujeres y disidencias que est\u00e9n atravesando situaciones de violencias, y para que la comunidad en general est\u00e9 en conocimiento de los dispositivos de abordaje con los que contamos como Municipio para este tipo de situaciones\u201d.<\/p>\n","protected":false},"excerpt":{"rendered":"<p>Tendr\u00e1n un stand especialmente para abordar cuestiones a las violencias por razones de g\u00e9nero.<\/p>\n","protected":false},"author":6,"featured_media":70902,"comment_status":"closed","ping_status":"closed","sticky":false,"template":"","format":"standard","meta":{"_jetpack_memberships_contains_paid_content":false,"footnotes":""},"categories":[3,1],"tags":[],"class_list":["post-70901","post","type-post","status-publish","format-standard","has-post-thumbnail","hentry","category-genero","category-portada"],"jetpack_featured_media_url":"https:\/\/i0.wp.com\/cdnoticias.com\/wp-content\/uploads\/2022\/11\/DH-Genero-Fiesta-Olavarria-1024x682-1.jpg?fit=1024%2C682&ssl=1","jetpack_sharing_enabled":true,"_links":{"self":[{"href":"https:\/\/cdnoticias.com\/index.php\/wp-json\/wp\/v2\/posts\/70901","targetHints":{"allow":["GET"]}}],"collection":[{"href":"https:\/\/cdnoticias.com\/index.php\/wp-json\/wp\/v2\/posts"}],"about":[{"href":"https:\/\/cdnoticias.com\/index.php\/wp-json\/wp\/v2\/types\/post"}],"author":[{"embeddable":true,"href":"https:\/\/cdnoticias.com\/index.php\/wp-json\/wp\/v2\/users\/6"}],"replies":[{"embeddable":true,"href":"https:\/\/cdnoticias.com\/index.php\/wp-json\/wp\/v2\/comments?post=70901"}],"version-history":[{"count":0,"href":"https:\/\/cdnoticias.com\/index.php\/wp-json\/wp\/v2\/posts\/70901\/revisions"}],"wp:featuredmedia":[{"embeddable":true,"href":"https:\/\/cdnoticias.com\/index.php\/wp-json\/wp\/v2\/media\/70902"}],"wp:attachment":[{"href":"https:\/\/cdnoticias.com\/index.php\/wp-json\/wp\/v2\/media?parent=70901"}],"wp:term":[{"taxonomy":"category","embeddable":true,"href":"https:\/\/cdnoticias.com\/index.php\/wp-json\/wp\/v2\/categories?post=70901"},{"taxonomy":"post_tag","embeddable":true,"href":"https:\/\/cdnoticias.com\/index.php\/wp-json\/wp\/v2\/tags?post=70901"}],"curies":[{"name":"wp","href":"https:\/\/api.w.org\/{rel}","templated":true}]}}