{"id":7090,"date":"2020-11-21T09:08:14","date_gmt":"2020-11-21T12:08:14","guid":{"rendered":"http:\/\/www.centraldenoticias.com.ar\/?p=7090"},"modified":"2020-11-21T16:05:37","modified_gmt":"2020-11-21T19:05:37","slug":"conferencia-del-politologo-andres-malamud-este-sabado","status":"publish","type":"post","link":"https:\/\/cdnoticias.com\/index.php\/2020\/11\/21\/conferencia-del-politologo-andres-malamud-este-sabado\/","title":{"rendered":"Conferencia del polit\u00f3logo Andr\u00e9s Malamud este s\u00e1bado"},"content":{"rendered":"<p>Desde las 15 ofrecer\u00e1 una charla virtual sobre \u201cLa pol\u00edtica argentina despu\u00e9s del coronavirus\u201d. Se enmarca en el ciclo de conferencias que organiz\u00f3 Rotary Olavarr\u00eda Norte.<!--more--><\/p>\n<hr \/>\n<p>El polit\u00f3logo olavarriense Andr\u00e9s Malamud estar\u00e1 este s\u00e1bado en el ciclo de conferencias que organiz\u00f3 Rotary Olavarr\u00eda Norte bajo el t\u00edtulo \u201cY\u2026 \u00bfqu\u00e9 hacemos despu\u00e9s?\u201d.<\/p>\n<p>La charla se presentar\u00e1 a trav\u00e9s de la plataforma Zoom a partir de las 15. El tema de la charla ser\u00e1 \u201cLa pol\u00edtica argentina despu\u00e9s del coronavirus\u201d.<\/p>\n<p><img data-recalc-dims=\"1\" loading=\"lazy\" decoding=\"async\" class=\"aligncenter wp-image-7091\" src=\"https:\/\/i0.wp.com\/cdnoticias.com\/wp-content\/uploads\/2020\/11\/malamud.jpg?resize=500%2C500&#038;ssl=1\" alt=\"\" width=\"500\" height=\"500\" srcset=\"https:\/\/i0.wp.com\/cdnoticias.com\/wp-content\/uploads\/2020\/11\/malamud.jpg?resize=300%2C300&amp;ssl=1 300w, https:\/\/i0.wp.com\/cdnoticias.com\/wp-content\/uploads\/2020\/11\/malamud.jpg?resize=150%2C150&amp;ssl=1 150w, https:\/\/i0.wp.com\/cdnoticias.com\/wp-content\/uploads\/2020\/11\/malamud.jpg?resize=768%2C768&amp;ssl=1 768w, https:\/\/i0.wp.com\/cdnoticias.com\/wp-content\/uploads\/2020\/11\/malamud.jpg?resize=1024%2C1024&amp;ssl=1 1024w, https:\/\/i0.wp.com\/cdnoticias.com\/wp-content\/uploads\/2020\/11\/malamud.jpg?w=1280&amp;ssl=1 1280w\" sizes=\"auto, (max-width: 500px) 100vw, 500px\" \/><\/p>\n","protected":false},"excerpt":{"rendered":"<p>Desde las 15 ofrecer\u00e1 una charla virtual sobre \u201cLa pol\u00edtica argentina despu\u00e9s del coronavirus\u201d. Se enmarca en el ciclo de<\/p>\n","protected":false},"author":4,"featured_media":7092,"comment_status":"closed","ping_status":"closed","sticky":false,"template":"","format":"standard","meta":{"_jetpack_memberships_contains_paid_content":false,"footnotes":""},"categories":[4,1],"tags":[],"class_list":["post-7090","post","type-post","status-publish","format-standard","has-post-thumbnail","hentry","category-politica","category-portada"],"jetpack_featured_media_url":"https:\/\/i0.wp.com\/cdnoticias.com\/wp-content\/uploads\/2020\/11\/malamud01.jpg?fit=800%2C446&ssl=1","jetpack_sharing_enabled":true,"_links":{"self":[{"href":"https:\/\/cdnoticias.com\/index.php\/wp-json\/wp\/v2\/posts\/7090","targetHints":{"allow":["GET"]}}],"collection":[{"href":"https:\/\/cdnoticias.com\/index.php\/wp-json\/wp\/v2\/posts"}],"about":[{"href":"https:\/\/cdnoticias.com\/index.php\/wp-json\/wp\/v2\/types\/post"}],"author":[{"embeddable":true,"href":"https:\/\/cdnoticias.com\/index.php\/wp-json\/wp\/v2\/users\/4"}],"replies":[{"embeddable":true,"href":"https:\/\/cdnoticias.com\/index.php\/wp-json\/wp\/v2\/comments?post=7090"}],"version-history":[{"count":0,"href":"https:\/\/cdnoticias.com\/index.php\/wp-json\/wp\/v2\/posts\/7090\/revisions"}],"wp:featuredmedia":[{"embeddable":true,"href":"https:\/\/cdnoticias.com\/index.php\/wp-json\/wp\/v2\/media\/7092"}],"wp:attachment":[{"href":"https:\/\/cdnoticias.com\/index.php\/wp-json\/wp\/v2\/media?parent=7090"}],"wp:term":[{"taxonomy":"category","embeddable":true,"href":"https:\/\/cdnoticias.com\/index.php\/wp-json\/wp\/v2\/categories?post=7090"},{"taxonomy":"post_tag","embeddable":true,"href":"https:\/\/cdnoticias.com\/index.php\/wp-json\/wp\/v2\/tags?post=7090"}],"curies":[{"name":"wp","href":"https:\/\/api.w.org\/{rel}","templated":true}]}}