{"id":70893,"date":"2022-11-24T18:00:44","date_gmt":"2022-11-24T21:00:44","guid":{"rendered":"https:\/\/www.centraldenoticias.com.ar\/?p=70893"},"modified":"2022-11-24T18:00:44","modified_gmt":"2022-11-24T21:00:44","slug":"el-hcd-aprobo-por-unanimidad-el-reconocimiento-a-guillermo-cides","status":"publish","type":"post","link":"https:\/\/cdnoticias.com\/index.php\/2022\/11\/24\/el-hcd-aprobo-por-unanimidad-el-reconocimiento-a-guillermo-cides\/","title":{"rendered":"El HCD aprob\u00f3 por unanimidad el reconocimiento a Guillermo Cides"},"content":{"rendered":"<p>El proyecto fue una iniciativa del Foro Olavarr\u00eda &#8211; FR en el interbloque del Frente de Todos y busca distinguir al m\u00fasico que residi\u00f3 varios a\u00f1os en nuestra ciudad.<!--more--><\/p>\n<hr \/>\n<p>En la 17\u00b0 sesi\u00f3n ordinaria,<strong> el HCD aprob\u00f3 por unanimidad el reconocimiento a Guillermo Cides,<\/strong> m\u00fasico de amplia trayectoria y uno de los principales referentes del stick, quien residi\u00f3 durante muchos a\u00f1os en Olavarr\u00eda.<\/p>\n<p>&nbsp;<\/p>\n<p>El proyecto fue una iniciativa del bloque Foro Olavarr\u00eda &#8211; Frente Renovador en el Frente de Todos, espacio conformado por la <strong>concejala In\u00e9s Creimer y el concejal Gast\u00f3n Sarachu<\/strong>.<\/p>\n<p>&nbsp;<\/p>\n<p>La concejala In\u00e9s Creimer expres\u00f3 que \u201c<em><strong>el valor important\u00edsimo que tiene la cultura para la sociedad en general y en su conjunto, que hace que nos atraviese de un modo y otro, y nos transforme\u201d.<\/strong><\/em><\/p>\n<p>&nbsp;<\/p>\n<p>Asimismo, desde el bloque se\u00f1alaron que <strong>\u201cresulta\u00a0 muy especial para Olavarr\u00eda la visita de tan destacada personalidad de la m\u00fasica<\/strong>, que con su excepcional estilo enriquece el mundo de la cultura nacional, constituyendo una excelente circunstancia para realizar un merecido reconocimiento\u201d.<\/p>\n<p>&nbsp;<\/p>\n<p>En este sentido, cabe mencionar que el galard\u00f3n <strong>ser\u00e1 otorgado el d\u00eda 19 de diciembre durante la presentaci\u00f3n de su \u201cGira Silenciosa Stick Tour&#8221;,<\/strong> que en esta oportunidad realizar\u00e1 con su madre Carmen Cides en el cierre de a\u00f1o de la Biblioteca del Otro Lado del \u00c1rbol.<\/p>\n<p>&nbsp;<\/p>\n","protected":false},"excerpt":{"rendered":"<p>El proyecto fue una iniciativa del Foro Olavarr\u00eda &#8211; FR en el interbloque del Frente de Todos y busca distinguir<\/p>\n","protected":false},"author":6,"featured_media":70894,"comment_status":"closed","ping_status":"closed","sticky":false,"template":"","format":"standard","meta":{"_jetpack_memberships_contains_paid_content":false,"footnotes":""},"categories":[4,1],"tags":[],"class_list":["post-70893","post","type-post","status-publish","format-standard","has-post-thumbnail","hentry","category-politica","category-portada"],"jetpack_featured_media_url":"https:\/\/i0.wp.com\/cdnoticias.com\/wp-content\/uploads\/2022\/11\/Ines-Creimer.jpeg?fit=1600%2C1200&ssl=1","jetpack_sharing_enabled":true,"_links":{"self":[{"href":"https:\/\/cdnoticias.com\/index.php\/wp-json\/wp\/v2\/posts\/70893","targetHints":{"allow":["GET"]}}],"collection":[{"href":"https:\/\/cdnoticias.com\/index.php\/wp-json\/wp\/v2\/posts"}],"about":[{"href":"https:\/\/cdnoticias.com\/index.php\/wp-json\/wp\/v2\/types\/post"}],"author":[{"embeddable":true,"href":"https:\/\/cdnoticias.com\/index.php\/wp-json\/wp\/v2\/users\/6"}],"replies":[{"embeddable":true,"href":"https:\/\/cdnoticias.com\/index.php\/wp-json\/wp\/v2\/comments?post=70893"}],"version-history":[{"count":0,"href":"https:\/\/cdnoticias.com\/index.php\/wp-json\/wp\/v2\/posts\/70893\/revisions"}],"wp:featuredmedia":[{"embeddable":true,"href":"https:\/\/cdnoticias.com\/index.php\/wp-json\/wp\/v2\/media\/70894"}],"wp:attachment":[{"href":"https:\/\/cdnoticias.com\/index.php\/wp-json\/wp\/v2\/media?parent=70893"}],"wp:term":[{"taxonomy":"category","embeddable":true,"href":"https:\/\/cdnoticias.com\/index.php\/wp-json\/wp\/v2\/categories?post=70893"},{"taxonomy":"post_tag","embeddable":true,"href":"https:\/\/cdnoticias.com\/index.php\/wp-json\/wp\/v2\/tags?post=70893"}],"curies":[{"name":"wp","href":"https:\/\/api.w.org\/{rel}","templated":true}]}}