{"id":70850,"date":"2022-11-24T10:34:02","date_gmt":"2022-11-24T13:34:02","guid":{"rendered":"https:\/\/www.centraldenoticias.com.ar\/?p=70850"},"modified":"2022-11-24T11:37:03","modified_gmt":"2022-11-24T14:37:03","slug":"lucha-contra-la-tucura-2022-2023-se-aprobo-el-anteproyecto","status":"publish","type":"post","link":"https:\/\/cdnoticias.com\/index.php\/2022\/11\/24\/lucha-contra-la-tucura-2022-2023-se-aprobo-el-anteproyecto\/","title":{"rendered":"Lucha contra la Tucura 2022-2023: se aprob\u00f3 el anteproyecto"},"content":{"rendered":"<p>Fue por unanimidad en la 17\u00aa sesi\u00f3n ordinaria del HCD. Buscan darle continuidad a la Tasa Solidaria.<!--more--><\/p>\n<hr \/>\n<p>Durante la ma\u00f1ana de este jueves se lleva adelante la<a href=\"https:\/\/cdnoticias.com\/index.php\/2022\/11\/23\/hcd-este-jueves-se-realizara-la-ultima-sesion-ordinaria-del-ano\/\" target=\"_blank\" rel=\"noopener\"> 17\u00aa sesi\u00f3n ordinaria del a\u00f1o<\/a>, la cual ser\u00e1 la \u00faltima antes del cierre del per\u00edodo el 30 de noviembre.<\/p>\n<p>&nbsp;<\/p>\n<p>Uno de los temas principales del debate fue el <strong>anteproyecto de ordenanza para la implementaci\u00f3n del programa de Lucha contra la Tucura<\/strong>\u00a0para el periodo 2022-2023.<\/p>\n<p>&nbsp;<\/p>\n<p>El concejal <strong>Juan Mujica (Juntos)<\/strong> present\u00f3 la propuesta que busca darle continuidad a la <strong>Tasa Solidaria de Productores Rurales<\/strong> para el sost\u00e9n del Programa.<\/p>\n<p>&nbsp;<\/p>\n<p>En ese sentido, Mujica, detall\u00f3 las zonas y valores: <strong>Zona 1 equivalente a 11,77 pesos por hect\u00e1rea por mes y Zona 2 equivalente a 27,04 pesos por hect\u00e1rea por mes.<\/strong> Dichos valores surgen del esquema de zonificaci\u00f3n elaborado por la Comisi\u00f3n de Lucha contra las Plagas del Partido de Olavarr\u00eda que adem\u00e1s estableci\u00f3 un<strong> presupuesto de 122.173.568,73 pesos<\/strong> para la realizaci\u00f3n de la campa\u00f1a 2022\/2023.<\/p>\n<p>&nbsp;<\/p>\n<p>La propuesta presentada fue <strong>aprobada por unanimidad.<\/strong> Ahora, deber\u00e1 ser tratada por la Asamblea de Concejales y Mayores Contribuyentes para alcanzar su sanci\u00f3n definitiva.<\/p>\n","protected":false},"excerpt":{"rendered":"<p>Fue por unanimidad en la 17\u00aa sesi\u00f3n ordinaria del HCD. Buscan darle continuidad a la Tasa Solidaria.<\/p>\n","protected":false},"author":5,"featured_media":70851,"comment_status":"closed","ping_status":"closed","sticky":false,"template":"","format":"standard","meta":{"_jetpack_memberships_contains_paid_content":false,"footnotes":""},"categories":[4,1],"tags":[],"class_list":["post-70850","post","type-post","status-publish","format-standard","has-post-thumbnail","hentry","category-politica","category-portada"],"jetpack_featured_media_url":"https:\/\/i0.wp.com\/cdnoticias.com\/wp-content\/uploads\/2022\/11\/mujica-hcd-24-11-22.jpeg?fit=1347%2C808&ssl=1","jetpack_sharing_enabled":true,"_links":{"self":[{"href":"https:\/\/cdnoticias.com\/index.php\/wp-json\/wp\/v2\/posts\/70850","targetHints":{"allow":["GET"]}}],"collection":[{"href":"https:\/\/cdnoticias.com\/index.php\/wp-json\/wp\/v2\/posts"}],"about":[{"href":"https:\/\/cdnoticias.com\/index.php\/wp-json\/wp\/v2\/types\/post"}],"author":[{"embeddable":true,"href":"https:\/\/cdnoticias.com\/index.php\/wp-json\/wp\/v2\/users\/5"}],"replies":[{"embeddable":true,"href":"https:\/\/cdnoticias.com\/index.php\/wp-json\/wp\/v2\/comments?post=70850"}],"version-history":[{"count":0,"href":"https:\/\/cdnoticias.com\/index.php\/wp-json\/wp\/v2\/posts\/70850\/revisions"}],"wp:featuredmedia":[{"embeddable":true,"href":"https:\/\/cdnoticias.com\/index.php\/wp-json\/wp\/v2\/media\/70851"}],"wp:attachment":[{"href":"https:\/\/cdnoticias.com\/index.php\/wp-json\/wp\/v2\/media?parent=70850"}],"wp:term":[{"taxonomy":"category","embeddable":true,"href":"https:\/\/cdnoticias.com\/index.php\/wp-json\/wp\/v2\/categories?post=70850"},{"taxonomy":"post_tag","embeddable":true,"href":"https:\/\/cdnoticias.com\/index.php\/wp-json\/wp\/v2\/tags?post=70850"}],"curies":[{"name":"wp","href":"https:\/\/api.w.org\/{rel}","templated":true}]}}